{"id":1785,"date":"2022-10-04T13:28:23","date_gmt":"2022-10-04T10:28:23","guid":{"rendered":"https:\/\/koroinen.fi\/filocafe\/?p=1785"},"modified":"2023-03-08T16:03:21","modified_gmt":"2023-03-08T14:03:21","slug":"oikeusvaltion-ja-demokratian-tulevaisuus","status":"publish","type":"post","link":"https:\/\/koroinen.fi\/filocafe\/oikeusvaltion-ja-demokratian-tulevaisuus\/","title":{"rendered":"Oikeusvaltion ja demokratian tulevaisuus?\u00a0"},"content":{"rendered":"<div class=\"wp-block-image\">\n<figure class=\"aligncenter size-full is-resized\"><img loading=\"lazy\" decoding=\"async\" src=\"https:\/\/koroinen.fi\/filocafe\/wp-content\/uploads\/2022\/09\/Jukka-virallinen-kasvo-1.jpg\" alt=\"\" class=\"wp-image-1796\" width=\"400\" height=\"400\" srcset=\"https:\/\/koroinen.fi\/filocafe\/wp-content\/uploads\/2022\/09\/Jukka-virallinen-kasvo-1.jpg 800w, https:\/\/koroinen.fi\/filocafe\/wp-content\/uploads\/2022\/09\/Jukka-virallinen-kasvo-1-300x300.jpg 300w, https:\/\/koroinen.fi\/filocafe\/wp-content\/uploads\/2022\/09\/Jukka-virallinen-kasvo-1-150x150.jpg 150w, https:\/\/koroinen.fi\/filocafe\/wp-content\/uploads\/2022\/09\/Jukka-virallinen-kasvo-1-768x768.jpg 768w\" sizes=\"auto, (max-width: 400px) 100vw, 400px\" \/><figcaption>Oikeushistorian professori (emeritus) Jukka Kekkonen<\/figcaption><\/figure>\n<\/div>\n\n\n<h1 class=\"wp-block-heading\">Historian analyysi ja diagnoosi t\u00e4st\u00e4 ajasta<\/h1>\n\n\n\n<h2 class=\"wp-block-heading\">FiloCafe-ilta Turun kaupunginteatterin <a rel=\"noreferrer noopener\" href=\"http:\/\/www.viidesnayttamo.fi\/\" target=\"_blank\">Viidennell\u00e4 n\u00e4ytt\u00e4m\u00f6ll\u00e4<\/a> 12.10.2022 kello 19.30 &#8211; 21.00<\/h2>\n\n\n\n<h3 class=\"wp-block-heading\">Alustaja esittelee itsens\u00e4: <\/h3>\n\n\n\n<p>Oikeushistorian ja roomalaisen oikeuden professori (emeritus), HY. Oikeustieteellisen tiedekunnan dekaani 2004-2010 ja HY:N hallituksen j\u00e4sen 2010-2021.<\/p>\n\n\n\n<p>&#8211;&nbsp;&nbsp;&nbsp;&nbsp;&nbsp;&nbsp;&nbsp;&nbsp;&nbsp;&nbsp;Tutkija ja opettaja henkeen ja vereen: <a href=\"https:\/\/koroinen.fi\/filocafe\/wp-content\/uploads\/2022\/10\/KekkonenJukkaJulkaisuluettelo.pdf\" target=\"_blank\" rel=\"noreferrer noopener\">15 kirjaa, yli 500 artikkelia<\/a>, 14 ohjattua v\u00e4it\u00f6skirjaa (edelleen ohjaan 10 v\u00e4it\u00f6skirjaa)<\/p>\n\n\n\n<p>&#8211;&nbsp;&nbsp;&nbsp;&nbsp;&nbsp;&nbsp;&nbsp;&nbsp;&nbsp;&nbsp;Keskeisi\u00e4 teemoja oikeusvaltio ja sen historia, kriisit ja oikeus sek\u00e4 kontrollipolitiikan historia<\/p>\n\n\n\n<p>&#8211;&nbsp;&nbsp;&nbsp;&nbsp;&nbsp;&nbsp;&nbsp;&nbsp;&nbsp;&nbsp;Paavo Lipposen mukaan yksi maan johtavista julkisista intellektuelleista: aktiivinen yhteiskunnallinen keskustelija<\/p>\n\n\n\n<p>Urani ajan olen puolustanut oikeusvaltion ja demokratian periaatteita. Samoin yliopiston perusarvoja kuten autonomiaa ja kriittist\u00e4 ajattelua.<\/p>\n\n\n\n<h2 class=\"wp-block-heading\">Tilaisuus on jo pidetty. Kiitos kaikille osallisille!<\/h2>\n\n\n\n<!--more-->\n\n\n<div class=\"wp-block-image\">\n<figure class=\"aligncenter size-full is-resized\"><img loading=\"lazy\" decoding=\"async\" src=\"https:\/\/koroinen.fi\/filocafe\/wp-content\/uploads\/2022\/10\/Vaaka-Wikimedia-Commons-CC-BY-SA-4.0.jpg\" alt=\"\" class=\"wp-image-1799\" width=\"512\" height=\"301\" srcset=\"https:\/\/koroinen.fi\/filocafe\/wp-content\/uploads\/2022\/10\/Vaaka-Wikimedia-Commons-CC-BY-SA-4.0.jpg 1024w, https:\/\/koroinen.fi\/filocafe\/wp-content\/uploads\/2022\/10\/Vaaka-Wikimedia-Commons-CC-BY-SA-4.0-300x176.jpg 300w, https:\/\/koroinen.fi\/filocafe\/wp-content\/uploads\/2022\/10\/Vaaka-Wikimedia-Commons-CC-BY-SA-4.0-768x451.jpg 768w\" sizes=\"auto, (max-width: 512px) 100vw, 512px\" \/><\/figure>\n<\/div>\n\n\n<h2 class=\"wp-block-heading\">Oikeusvaltio<\/h2>\n\n\n\n<p>Oikeusvaltio rakentuu <strong><a rel=\"noreferrer noopener\" href=\"https:\/\/www.europarl.europa.eu\/news\/fi\/headlines\/eu-affairs\/20201001STO88311\/oikeusvaltioperiaate-uudella-mekanismilla-suojataan-eu-n-arvoja-ja-budjettia\" target=\"_blank\">oikeusvaltioperiaatteelle<\/a><\/strong>. Se on yksi Euroopan unionin perusarvoista. Euroopan yhteis\u00f6ss\u00e4 k\u00e4yd\u00e4\u00e4n jatkuvaa keskustelua siit\u00e4, onko jokin j\u00e4senvaltio rikkonut jossakin toimessaan oikeusvaltioperiaatetta.<\/p>\n\n\n\n<p>Euroopan yhteis\u00f6n ulkopuolelta jo pienell\u00e4kin tarkastelulla l\u00f6ytyy valtioita, joiden p\u00e4\u00e4t\u00f6kset eiv\u00e4t juuri noudata kyseist\u00e4 periaatetta. Varsinkin n\u00e4in tapahtuu sellaisissa maissa, joita voidaan luonnehtia autorit\u00e4\u00e4risiksi hallintotavaltaan. Toisin sanoen hallintovalta nojaa jonkun yksil\u00f6n tai ryhm\u00e4n auktoriteettiin, eik\u00e4 niink\u00e4\u00e4n kaikkia mahdollisimman yht\u00e4l\u00e4isesti kohtelevaan lakiin.&nbsp;<\/p>\n\n\n\n<p>Maailmassa aitojen oikeusvaltioiden m\u00e4\u00e4r\u00e4 on v\u00e4hentynyt 2000-luvulla. Niit\u00e4 on en\u00e4\u00e4 noin 20 &#8211; 25. Nyt kysymys kuuluukin: Voiko koko periaate menett\u00e4\u00e4 merkityksens\u00e4, voiko se n\u00e4in ik\u00e4\u00e4n kuin murentua? Tapahtumat Yhdysvalloissa viime presidenttivaalien j\u00e4lkeen synnyttiv\u00e4t t\u00e4ss\u00e4 suhteessa vakavan huolen.<\/p>\n\n\n\n<p>Oikeushistorian ja roomalaisen oikeuden emeritus professori Jukka Kekkonen tarkastelee alustuksessaan kysymyst\u00e4 historian valossa: mit\u00e4 historia on t\u00e4ss\u00e4 suhteessa opettanut? Ovatko historian kulussa vankasti lakiin nojaavat hallintotavat muuntuneet auktoriteetteihin nojaaviksi? Ja jos n\u00e4in on tapahtunut, onko l\u00f6ydett\u00e4viss\u00e4 jokin yhteinen piirre n\u00e4iss\u00e4 murrosprosesseissa?<\/p>\n\n\n\n<p>Professori Jukka Kekkonen on tutkinut erityisesti yhteiskunnan kriisiytymisprosesseja. H\u00e4nen p\u00e4\u00e4tutkimuskohteensa on vertaileva tutkimus kriisien vaikutuksesta oikeuteen. Sit\u00e4 kautta h\u00e4n on saanut todellisuuteen vankasti pohjautuvan tuntuman siit\u00e4 niist\u00e4 lainalaisuuksista, jotka ovat tunnusomaisia yhteiskuntien sis\u00e4isten kriisien eskaloitumisesta aina sis\u00e4llissotiin saakka.&nbsp;<\/p>\n\n\n\n<h2 class=\"wp-block-heading\">Tervetuloa kokemaan, keskustelemaan ja saamaan uusia ajatuksia!<\/h2>\n\n\n\n<p><strong>Oviraha 5 euroa, johon sis\u00e4ltyy kahvi tai tee.<\/strong><\/p>\n\n\n\n<p>Mediatiedote 10.10.2022 ks.<a rel=\"noreferrer noopener\" href=\"https:\/\/koroinen.fi\/filocafe\/wp-content\/uploads\/2022\/10\/MediatiedoteFC1_22.pdf\" data-type=\"URL\" data-id=\"https:\/\/koroinen.fi\/filocafe\/wp-content\/uploads\/2022\/10\/MediatiedoteFC1_22.pdf\" target=\"_blank\"> t\u00e4st\u00e4<\/a>.<\/p>\n","protected":false},"excerpt":{"rendered":"<p>Historian analyysi ja diagnoosi t\u00e4st\u00e4 ajasta FiloCafe-ilta Turun kaupunginteatterin Viidennell\u00e4 n\u00e4ytt\u00e4m\u00f6ll\u00e4 12.10.2022 kello 19.30 &#8211; 21.00 Alustaja esittelee itsens\u00e4: Oikeushistorian ja roomalaisen oikeuden professori (emeritus), HY. Oikeustieteellisen tiedekunnan dekaani 2004-2010 ja HY:N hallituksen j\u00e4sen 2010-2021. &#8211;&nbsp;&nbsp;&nbsp;&nbsp;&nbsp;&nbsp;&nbsp;&nbsp;&nbsp;&nbsp;Tutkija ja opettaja henkeen ja vereen: 15 kirjaa, yli 500 artikkelia, 14 ohjattua v\u00e4it\u00f6skirjaa (edelleen ohjaan 10 v\u00e4it\u00f6skirjaa) &#8211;&nbsp;&nbsp;&nbsp;&nbsp;&nbsp;&nbsp;&nbsp;&nbsp;&nbsp;&nbsp;Keskeisi\u00e4 teemoja &#8230; <a title=\"Oikeusvaltion ja demokratian tulevaisuus?\u00a0\" class=\"read-more\" href=\"https:\/\/koroinen.fi\/filocafe\/oikeusvaltion-ja-demokratian-tulevaisuus\/\" aria-label=\"Lue lis\u00e4\u00e4 aiheesta Oikeusvaltion ja demokratian tulevaisuus?\u00a0\">Lue lis\u00e4\u00e4<\/a><\/p>\n","protected":false},"author":1,"featured_media":2140,"comment_status":"closed","ping_status":"open","sticky":false,"template":"","format":"standard","meta":{"footnotes":""},"categories":[2,71],"tags":[82,4,80,22,81,78,79],"class_list":["post-1785","post","type-post","status-publish","format-standard","has-post-thumbnail","hentry","category-filocafe-ilta","category-filosofia","tag-demokratia","tag-filocafe-ilta","tag-jukka-kekkonen","tag-matti-taneli","tag-oikeushistoria","tag-oikeusvaltio","tag-viides-nayttamo"],"_links":{"self":[{"href":"https:\/\/koroinen.fi\/filocafe\/wp-json\/wp\/v2\/posts\/1785","targetHints":{"allow":["GET"]}}],"collection":[{"href":"https:\/\/koroinen.fi\/filocafe\/wp-json\/wp\/v2\/posts"}],"about":[{"href":"https:\/\/koroinen.fi\/filocafe\/wp-json\/wp\/v2\/types\/post"}],"author":[{"embeddable":true,"href":"https:\/\/koroinen.fi\/filocafe\/wp-json\/wp\/v2\/users\/1"}],"replies":[{"embeddable":true,"href":"https:\/\/koroinen.fi\/filocafe\/wp-json\/wp\/v2\/comments?post=1785"}],"version-history":[{"count":24,"href":"https:\/\/koroinen.fi\/filocafe\/wp-json\/wp\/v2\/posts\/1785\/revisions"}],"predecessor-version":[{"id":2141,"href":"https:\/\/koroinen.fi\/filocafe\/wp-json\/wp\/v2\/posts\/1785\/revisions\/2141"}],"wp:featuredmedia":[{"embeddable":true,"href":"https:\/\/koroinen.fi\/filocafe\/wp-json\/wp\/v2\/media\/2140"}],"wp:attachment":[{"href":"https:\/\/koroinen.fi\/filocafe\/wp-json\/wp\/v2\/media?parent=1785"}],"wp:term":[{"taxonomy":"category","embeddable":true,"href":"https:\/\/koroinen.fi\/filocafe\/wp-json\/wp\/v2\/categories?post=1785"},{"taxonomy":"post_tag","embeddable":true,"href":"https:\/\/koroinen.fi\/filocafe\/wp-json\/wp\/v2\/tags?post=1785"}],"curies":[{"name":"wp","href":"https:\/\/api.w.org\/{rel}","templated":true}]}}