{"id":1972,"date":"2023-01-19T14:16:12","date_gmt":"2023-01-19T12:16:12","guid":{"rendered":"https:\/\/koroinen.fi\/filocafe\/?p=1972"},"modified":"2023-03-30T16:15:48","modified_gmt":"2023-03-30T13:15:48","slug":"filocafe-illat-kevatkaudella-2023","status":"publish","type":"post","link":"https:\/\/koroinen.fi\/filocafe\/filocafe-illat-kevatkaudella-2023\/","title":{"rendered":"FiloCafe-illat kev\u00e4tkaudella 2023"},"content":{"rendered":"\n<div class=\"wp-block-columns is-layout-flex wp-container-core-columns-is-layout-9d6595d7 wp-block-columns-is-layout-flex\">\n<div class=\"wp-block-column is-layout-flow wp-block-column-is-layout-flow\" style=\"flex-basis:100%\">\n<figure class=\"wp-block-table\"><table><tbody><tr><td>15.2.  <\/td><td>JOHN KEATSIN oodit h\u00e4nen el\u00e4m\u00e4ns\u00e4 ja ajattelunsa kuvajaisina, ks. lis\u00e4\u00e4 <a href=\"https:\/\/koroinen.fi\/filocafe\/filocafe-ajatuksen-ja-toiminnan-perusteet\/\" target=\"_blank\" rel=\"noreferrer noopener\">t\u00e4st\u00e4<\/a>.<\/td><td>OTL, DI Timo Leinonen<\/td><\/tr><tr><td>15.3.<\/td><td>NIETZSCHEN el\u00e4m\u00e4nfilosofia, osa II<\/td><td>Pappi, KT, FM, TM Matti Taneli     <\/td><\/tr><tr><td>12.4.<\/td><td>K\u00e4\u00e4nt\u00e4j\u00e4 ja aika<\/td><td>Prof. emerita Irmeli Helin<\/td><\/tr><tr><td>24.5.<\/td><td>Rauhattomuus &#8211; mit\u00e4 se tarkoittaa?  <\/td><td>Dosentti Timo Helenius<\/td><\/tr><tr><td>7.6.<\/td><td>Wagner ja h\u00e4nen k\u00e4sityksens\u00e4 taiteesta<\/td><td>Timo Leinonen <\/td><\/tr><\/tbody><\/table><\/figure>\n<\/div>\n<\/div>\n\n\n\n<h2 class=\"wp-block-heading\">Tarkemmat tiedot illoille:<\/h2>\n\n\n\n<ul class=\"wp-block-list\"><li>Paikkana on Turun Kaupunginteatterin kulttuuriravintola <a rel=\"noreferrer noopener\" href=\"https:\/\/www.viidesnayttamo.fi\/?page_id=73\" target=\"_blank\">Viides n\u00e4ytt\u00e4m\u00f6 <\/a><\/li><li>Tilaisuuden alkavat kello 19.30 ja p\u00e4\u00e4ttyv\u00e4t 21.00.<\/li><li>Tilaisuudet ovat avoimia kaikille, eiv\u00e4tk\u00e4 ne edellyt\u00e4 filosofian tai jonkun muun erityisalan tietoja.<\/li><li>Osallistuminen edellytt\u00e4\u00e4 kuitenkin 5 euron ovirahan maksua kahvilan kassalle. <\/li><li>Maksuun sis\u00e4ltyy kahvi tai tee.<\/li><li>J\u00e4rjest\u00e4j\u00e4n\u00e4 toimii Turun FiloCafe-ty\u00f6ryhm\u00e4. <\/li><li>Lis\u00e4tiedot: FiloCafe-ty\u00f6ryhm\u00e4n j\u00e4sen Timo Leinonen, puh 040 7425 061, email: timo.a.leinonen(at)gmail.com.<\/li><\/ul>\n\n\n\n<h3 class=\"wp-block-heading\">Huom!<\/h3>\n\n\n\n<p>Muutokset ohjelmaan ovat mahdollisia.<\/p>\n\n\n\n<h3 class=\"has-text-align-center wp-block-heading\">Tervetuloa kuuntelemaan, keskustelemaan ja hakemaan uusi ajatuksia <br>ja toivon mukaan, n\u00e4in virkistym\u00e4\u00e4n!<\/h3>\n","protected":false},"excerpt":{"rendered":"<p>15.2. JOHN KEATSIN oodit h\u00e4nen el\u00e4m\u00e4ns\u00e4 ja ajattelunsa kuvajaisina, ks. lis\u00e4\u00e4 t\u00e4st\u00e4. OTL, DI Timo Leinonen 15.3. NIETZSCHEN el\u00e4m\u00e4nfilosofia, osa II Pappi, KT, FM, TM Matti Taneli 12.4. K\u00e4\u00e4nt\u00e4j\u00e4 ja aika Prof. emerita Irmeli Helin 24.5. Rauhattomuus &#8211; mit\u00e4 se tarkoittaa? Dosentti Timo Helenius 7.6. Wagner ja h\u00e4nen k\u00e4sityksens\u00e4 taiteesta Timo Leinonen Tarkemmat tiedot illoille: &#8230; <a title=\"FiloCafe-illat kev\u00e4tkaudella 2023\" class=\"read-more\" href=\"https:\/\/koroinen.fi\/filocafe\/filocafe-illat-kevatkaudella-2023\/\" aria-label=\"Lue lis\u00e4\u00e4 aiheesta FiloCafe-illat kev\u00e4tkaudella 2023\">Lue lis\u00e4\u00e4<\/a><\/p>\n","protected":false},"author":1,"featured_media":1977,"comment_status":"closed","ping_status":"open","sticky":false,"template":"","format":"standard","meta":{"footnotes":""},"categories":[2,71,52],"tags":[4,10,22,19,79],"class_list":["post-1972","post","type-post","status-publish","format-standard","has-post-thumbnail","hentry","category-filocafe-ilta","category-filosofia","category-runous","tag-filocafe-ilta","tag-filosofia","tag-matti-taneli","tag-timo-leinonen","tag-viides-nayttamo"],"_links":{"self":[{"href":"https:\/\/koroinen.fi\/filocafe\/wp-json\/wp\/v2\/posts\/1972","targetHints":{"allow":["GET"]}}],"collection":[{"href":"https:\/\/koroinen.fi\/filocafe\/wp-json\/wp\/v2\/posts"}],"about":[{"href":"https:\/\/koroinen.fi\/filocafe\/wp-json\/wp\/v2\/types\/post"}],"author":[{"embeddable":true,"href":"https:\/\/koroinen.fi\/filocafe\/wp-json\/wp\/v2\/users\/1"}],"replies":[{"embeddable":true,"href":"https:\/\/koroinen.fi\/filocafe\/wp-json\/wp\/v2\/comments?post=1972"}],"version-history":[{"count":20,"href":"https:\/\/koroinen.fi\/filocafe\/wp-json\/wp\/v2\/posts\/1972\/revisions"}],"predecessor-version":[{"id":2168,"href":"https:\/\/koroinen.fi\/filocafe\/wp-json\/wp\/v2\/posts\/1972\/revisions\/2168"}],"wp:featuredmedia":[{"embeddable":true,"href":"https:\/\/koroinen.fi\/filocafe\/wp-json\/wp\/v2\/media\/1977"}],"wp:attachment":[{"href":"https:\/\/koroinen.fi\/filocafe\/wp-json\/wp\/v2\/media?parent=1972"}],"wp:term":[{"taxonomy":"category","embeddable":true,"href":"https:\/\/koroinen.fi\/filocafe\/wp-json\/wp\/v2\/categories?post=1972"},{"taxonomy":"post_tag","embeddable":true,"href":"https:\/\/koroinen.fi\/filocafe\/wp-json\/wp\/v2\/tags?post=1972"}],"curies":[{"name":"wp","href":"https:\/\/api.w.org\/{rel}","templated":true}]}}