{"id":2110,"date":"2023-03-01T12:59:24","date_gmt":"2023-03-01T10:59:24","guid":{"rendered":"https:\/\/koroinen.fi\/filocafe\/?p=2110"},"modified":"2025-10-25T11:06:57","modified_gmt":"2025-10-25T08:06:57","slug":"nietzschen-elamanfilosofia-osa-ii","status":"publish","type":"post","link":"https:\/\/koroinen.fi\/filocafe\/nietzschen-elamanfilosofia-osa-ii\/","title":{"rendered":"Nietzschen el\u00e4m\u00e4nfilosofia, osa II"},"content":{"rendered":"\n<h3 class=\"wp-block-heading\">Tilaisuus on pidetty. Kiitos kaikille osallisille!<\/h3>\n\n\n<div class=\"wp-block-image is-style-rounded\">\n<figure class=\"aligncenter size-full is-resized\"><img loading=\"lazy\" decoding=\"async\" src=\"https:\/\/koroinen.fi\/filocafe\/wp-content\/uploads\/2023\/03\/IMG_1157.jpeg\" alt=\"\" class=\"wp-image-2145\" width=\"255\" height=\"512\" srcset=\"https:\/\/koroinen.fi\/filocafe\/wp-content\/uploads\/2023\/03\/IMG_1157.jpeg 510w, https:\/\/koroinen.fi\/filocafe\/wp-content\/uploads\/2023\/03\/IMG_1157-149x300.jpeg 149w\" sizes=\"auto, (max-width: 255px) 100vw, 255px\" \/><figcaption class=\"wp-element-caption\">Matti Taneli Nietzsche -illassa <\/figcaption><\/figure>\n<\/div>\n\n\n<h3 class=\"wp-block-heading\">FiloCafe -ilta 15.3.2023 kello 19.30 &#8211; 21.00 Turun kaupunginteatterin <a rel=\"noreferrer noopener\" href=\"http:\/\/www.viidesnayttamo.fi\/\" target=\"_blank\">Viidennell\u00e4 n\u00e4ytt\u00e4m\u00f6ll\u00e4<\/a><\/h3>\n\n\n\n<p>Pappi ja filosofian opettaja Matti Taneli kertoi 10.5.2016 FiloCafe -illassa saksalaisesta filosofista Friedrich Nietzschesta (1844 &#8211; 1900), jolla on ollut ja on ehk\u00e4 viel\u00e4kin suuri merkitys monella kulttuurialan lohkoilla niin moraalifilosofiassa, teologiassa kuin monella muullakin alalla kirjallisuutta unohtamatta. Taneli kertoi samalla my\u00f6s omista kokemuksistaan Nietzsche\u00e4 lukiessaan<\/p>\n\n\n\n<p>Taneli jatkaa Nietzschen el\u00e4m\u00e4nfilosofian ja el\u00e4m\u00e4n pohdiskelua t\u00e4m\u00e4n p\u00e4iv\u00e4n haasteiden valossa. Kysymys kuuluu nyt keskustelujen pohjaksi: Voimmeko oppia jotakin merkityksellist\u00e4 Nietzschen vaiherikkaan ja kiihke\u00e4n el\u00e4m\u00e4n ja el\u00e4m\u00e4nfilosofia pohjalta ymp\u00e4r\u00f6iv\u00e4n todellisuuden ollessa nyt monessa mieless\u00e4 toisenlainen kuin 1800 -luvun Saksassa?<\/p>\n\n\n\n<h3 class=\"wp-block-heading has-text-align-center\"><span style=\"font-size: revert; font-weight: revert; text-align: center;\">Tervetuloa kokemaan, keskustelemaan ja saamaan uusia ajatuksia! <\/span><\/h3>\n\n\n\n<h4 class=\"wp-block-heading has-text-align-center\"><strong>Oviraha 5 euroa, johon sis\u00e4ltyy kahvi tee.<\/strong><\/h4>\n","protected":false},"excerpt":{"rendered":"<p>Tilaisuus on pidetty. Kiitos kaikille osallisille! FiloCafe -ilta 15.3.2023 kello 19.30 &#8211; 21.00 Turun kaupunginteatterin Viidennell\u00e4 n\u00e4ytt\u00e4m\u00f6ll\u00e4 Pappi ja filosofian opettaja Matti Taneli kertoi 10.5.2016 FiloCafe -illassa saksalaisesta filosofista Friedrich Nietzschesta (1844 &#8211; 1900), jolla on ollut ja on ehk\u00e4 viel\u00e4kin suuri merkitys monella kulttuurialan lohkoilla niin moraalifilosofiassa, teologiassa kuin monella muullakin alalla kirjallisuutta unohtamatta. &#8230; <a title=\"Nietzschen el\u00e4m\u00e4nfilosofia, osa II\" class=\"read-more\" href=\"https:\/\/koroinen.fi\/filocafe\/nietzschen-elamanfilosofia-osa-ii\/\" aria-label=\"Lue lis\u00e4\u00e4 aiheesta Nietzschen el\u00e4m\u00e4nfilosofia, osa II\">Lue lis\u00e4\u00e4<\/a><\/p>\n","protected":false},"author":1,"featured_media":2112,"comment_status":"closed","ping_status":"open","sticky":false,"template":"","format":"standard","meta":{"footnotes":""},"categories":[2,71],"tags":[4,10,22],"class_list":["post-2110","post","type-post","status-publish","format-standard","has-post-thumbnail","hentry","category-filocafe-ilta","category-filosofia","tag-filocafe-ilta","tag-filosofia","tag-matti-taneli"],"_links":{"self":[{"href":"https:\/\/koroinen.fi\/filocafe\/wp-json\/wp\/v2\/posts\/2110","targetHints":{"allow":["GET"]}}],"collection":[{"href":"https:\/\/koroinen.fi\/filocafe\/wp-json\/wp\/v2\/posts"}],"about":[{"href":"https:\/\/koroinen.fi\/filocafe\/wp-json\/wp\/v2\/types\/post"}],"author":[{"embeddable":true,"href":"https:\/\/koroinen.fi\/filocafe\/wp-json\/wp\/v2\/users\/1"}],"replies":[{"embeddable":true,"href":"https:\/\/koroinen.fi\/filocafe\/wp-json\/wp\/v2\/comments?post=2110"}],"version-history":[{"count":10,"href":"https:\/\/koroinen.fi\/filocafe\/wp-json\/wp\/v2\/posts\/2110\/revisions"}],"predecessor-version":[{"id":3286,"href":"https:\/\/koroinen.fi\/filocafe\/wp-json\/wp\/v2\/posts\/2110\/revisions\/3286"}],"wp:featuredmedia":[{"embeddable":true,"href":"https:\/\/koroinen.fi\/filocafe\/wp-json\/wp\/v2\/media\/2112"}],"wp:attachment":[{"href":"https:\/\/koroinen.fi\/filocafe\/wp-json\/wp\/v2\/media?parent=2110"}],"wp:term":[{"taxonomy":"category","embeddable":true,"href":"https:\/\/koroinen.fi\/filocafe\/wp-json\/wp\/v2\/categories?post=2110"},{"taxonomy":"post_tag","embeddable":true,"href":"https:\/\/koroinen.fi\/filocafe\/wp-json\/wp\/v2\/tags?post=2110"}],"curies":[{"name":"wp","href":"https:\/\/api.w.org\/{rel}","templated":true}]}}