{"id":2147,"date":"2023-03-18T21:37:14","date_gmt":"2023-03-18T19:37:14","guid":{"rendered":"https:\/\/koroinen.fi\/filocafe\/?p=2147"},"modified":"2023-03-18T21:37:15","modified_gmt":"2023-03-18T19:37:15","slug":"kaantaja-ja-aika","status":"publish","type":"post","link":"https:\/\/koroinen.fi\/filocafe\/kaantaja-ja-aika\/","title":{"rendered":"K\u00c4\u00c4NT\u00c4J\u00c4 JA AIKA"},"content":{"rendered":"\n<h2 class=\"wp-block-heading\">FiloCafe -ilta 12.4.2023 kello 19.30 &#8211; 21.00 Turun kaupunginteatterin <a rel=\"noreferrer noopener\" href=\"http:\/\/www.viidesnayttamo.fi\/\" target=\"_blank\">Viidennell\u00e4 n\u00e4ytt\u00e4m\u00f6ll\u00e4<\/a><\/h2>\n\n\n<div class=\"wp-block-image is-style-rounded\">\n<figure class=\"aligncenter size-full is-resized\"><img loading=\"lazy\" decoding=\"async\" src=\"https:\/\/koroinen.fi\/filocafe\/wp-content\/uploads\/2023\/03\/IMG_1254-2.jpg\" alt=\"\" class=\"wp-image-2152\" width=\"559\" height=\"413\" srcset=\"https:\/\/koroinen.fi\/filocafe\/wp-content\/uploads\/2023\/03\/IMG_1254-2.jpg 745w, https:\/\/koroinen.fi\/filocafe\/wp-content\/uploads\/2023\/03\/IMG_1254-2-300x222.jpg 300w\" sizes=\"auto, (max-width: 559px) 100vw, 559px\" \/><figcaption>Professori, emerita Irmeli Helin<\/figcaption><\/figure>\n<\/div>\n\n\n<h2 class=\"wp-block-heading\">K\u00e4\u00e4nt\u00e4j\u00e4 ja aika opetuksen n\u00e4k\u00f6kulmasta<\/h2>\n\n\n\n<p>Turun yliopiston k\u00e4\u00e4nt\u00e4misen ja tulkkauksen emeritaprofessori Irmeli Helin kertoo k\u00e4\u00e4nt\u00e4misen filosofiasta ja sen muista perusasioista keskittyen erityisesti kysymyksiin siit\u00e4, mit\u00e4 merkitsee aika k\u00e4\u00e4nt\u00e4j\u00e4lle. K\u00e4\u00e4nnett\u00e4v\u00e4 teksti voi edustaa aivan toista aikakautta ja kulttuuria, mik\u00e4 heijastuu v\u00e4ist\u00e4m\u00e4tt\u00e4 tavalla tai toisella k\u00e4\u00e4nn\u00f6stekstiin ja k\u00e4\u00e4nt\u00e4misess\u00e4 esiin nouseviin ongelmiin.<\/p>\n\n\n\n<p>Professori Helin on muun opetusty\u00f6n ja tutkimuksen ohella tutkinut suomalaisen virsirunouden uranuurtaja Jacobus Finnon (noin 1540 &#8211; 1588) aikoinaan joko suoraan tai v\u00e4likielen kautta saksasta suomentamia virsi\u00e4 ja keskittynyt erityisesti niihin 27 saksalaisper\u00e4iseen virteen, jotka ovat yh\u00e4 suomalaisessa nykyvirsikirjassa. H\u00e4n on my\u00f6s julkaissut aiheesta useita artikkeleita saksaksi, mutta my\u00f6s suomeksi. <\/p>\n\n\n\n<p>H\u00e4nen monografiansa &#8221;Nachhaltige Botschaft in den St\u00fcrmen der Geschichte. Kirchenlieder der Lutherzeit in ihren alten und neuen finnischen \u00dcbersetzungen (2017)&#8221; on julkaistu suomalais-saksalaista kulttuuriyhteisty\u00f6t\u00e4 edist\u00e4v\u00e4n Aue-Stiftungin kustantamana.<\/p>\n\n\n<div class=\"wp-block-image is-style-rounded\">\n<figure class=\"alignright size-full is-resized\"><img loading=\"lazy\" decoding=\"async\" src=\"https:\/\/koroinen.fi\/filocafe\/wp-content\/uploads\/2017\/05\/DSC_0992Koe-\u2013-kopio-2.jpg\" alt=\"\" class=\"wp-image-176\" width=\"384\" height=\"435\" srcset=\"https:\/\/koroinen.fi\/filocafe\/wp-content\/uploads\/2017\/05\/DSC_0992Koe-\u2013-kopio-2.jpg 768w, https:\/\/koroinen.fi\/filocafe\/wp-content\/uploads\/2017\/05\/DSC_0992Koe-\u2013-kopio-2-265x300.jpg 265w\" sizes=\"auto, (max-width: 384px) 100vw, 384px\" \/><figcaption>Timo Leinonen<\/figcaption><\/figure>\n<\/div>\n\n\n<h2 class=\"wp-block-heading\">Ajan merkitys runon viestille<\/h2>\n\n\n\n<p>Timo Leinosen kertoo omista kokemuksistaan omissa k\u00e4\u00e4nn\u00f6st\u00f6iss\u00e4\u00e4n, kun h\u00e4n huomasi tarvitsevansa filosofisten k\u00e4sitteiden ja teorioiden rinnalla Percy Shelleyn ja J. L. Runebergin klassisia runos\u00e4keit\u00e4 omina nykykielisin\u00e4 k\u00e4\u00e4nn\u00f6ksin\u00e4 ymm\u00e4rt\u00e4\u00e4kseen konflikteja ja niihin aina sis\u00e4ltyvi\u00e4 voimakkaita tunnelatauksia ja niiden merkityst\u00e4 konfliktien ratkaisuissa.  <\/p>\n\n\n\n<p>T\u00e4m\u00e4n j\u00e4lkeen h\u00e4n on jatkanut erityisesti romantiikan ja siihen l\u00e4heisesti liittyv\u00e4n aikakauden runouden, erityisesti Edgar Allan Poen, Franz Mikael Franzenin ja erityisesti JOHN KEATSIN teosten k\u00e4\u00e4nn\u00f6sty\u00f6t\u00e4. <\/p>\n\n\n\n<h2 class=\"wp-block-heading\">L\u00e4hestymistavasta<\/h2>\n\n\n\n<p>Helin ja Leinonen esittelev\u00e4t omat l\u00e4hestymistapansa illan p\u00e4\u00e4teemaan, ajan merkitykseen k\u00e4\u00e4nt\u00e4misty\u00f6ss\u00e4. Helin tarkastelee teemaa yleisell\u00e4 tasolla ja Leinonen oman kokemusmaailmansa antamin evin. He pyrkiv\u00e4t l\u00f6yt\u00e4m\u00e4\u00e4n keskusteluyhteyden n\u00e4iden kahden tarkastelukulman v\u00e4lill\u00e4 toivoen, ett\u00e4 kaikki mukana olevat voisivat osallistua t\u00e4h\u00e4n kiinnostavaan etsint\u00e4ty\u00f6h\u00f6n.<\/p>\n\n\n\n<h2 class=\"has-text-align-center wp-block-heading\"><span style=\"font-size: revert; font-weight: revert; text-align: center;\">Tervetuloa kokemaan, keskustelemaan ja saamaan uusia ajatuksia! <\/span><\/h2>\n\n\n\n<h3 class=\"has-text-align-center wp-block-heading\"><strong>Oviraha 5 euroa, johon sis\u00e4ltyy kahvi tee<\/strong>.<\/h3>\n","protected":false},"excerpt":{"rendered":"<p>FiloCafe -ilta 12.4.2023 kello 19.30 &#8211; 21.00 Turun kaupunginteatterin Viidennell\u00e4 n\u00e4ytt\u00e4m\u00f6ll\u00e4 K\u00e4\u00e4nt\u00e4j\u00e4 ja aika opetuksen n\u00e4k\u00f6kulmasta Turun yliopiston k\u00e4\u00e4nt\u00e4misen ja tulkkauksen emeritaprofessori Irmeli Helin kertoo k\u00e4\u00e4nt\u00e4misen filosofiasta ja sen muista perusasioista keskittyen erityisesti kysymyksiin siit\u00e4, mit\u00e4 merkitsee aika k\u00e4\u00e4nt\u00e4j\u00e4lle. K\u00e4\u00e4nnett\u00e4v\u00e4 teksti voi edustaa aivan toista aikakautta ja kulttuuria, mik\u00e4 heijastuu v\u00e4ist\u00e4m\u00e4tt\u00e4 tavalla tai toisella k\u00e4\u00e4nn\u00f6stekstiin &#8230; <a title=\"K\u00c4\u00c4NT\u00c4J\u00c4 JA AIKA\" class=\"read-more\" href=\"https:\/\/koroinen.fi\/filocafe\/kaantaja-ja-aika\/\" aria-label=\"Lue lis\u00e4\u00e4 aiheesta K\u00c4\u00c4NT\u00c4J\u00c4 JA AIKA\">Lue lis\u00e4\u00e4<\/a><\/p>\n","protected":false},"author":1,"featured_media":2151,"comment_status":"closed","ping_status":"open","sticky":false,"template":"","format":"standard","meta":{"footnotes":""},"categories":[2,71,52],"tags":[4,84],"class_list":["post-2147","post","type-post","status-publish","format-standard","has-post-thumbnail","hentry","category-filocafe-ilta","category-filosofia","category-runous","tag-filocafe-ilta","tag-kaantaminen"],"_links":{"self":[{"href":"https:\/\/koroinen.fi\/filocafe\/wp-json\/wp\/v2\/posts\/2147","targetHints":{"allow":["GET"]}}],"collection":[{"href":"https:\/\/koroinen.fi\/filocafe\/wp-json\/wp\/v2\/posts"}],"about":[{"href":"https:\/\/koroinen.fi\/filocafe\/wp-json\/wp\/v2\/types\/post"}],"author":[{"embeddable":true,"href":"https:\/\/koroinen.fi\/filocafe\/wp-json\/wp\/v2\/users\/1"}],"replies":[{"embeddable":true,"href":"https:\/\/koroinen.fi\/filocafe\/wp-json\/wp\/v2\/comments?post=2147"}],"version-history":[{"count":12,"href":"https:\/\/koroinen.fi\/filocafe\/wp-json\/wp\/v2\/posts\/2147\/revisions"}],"predecessor-version":[{"id":3509,"href":"https:\/\/koroinen.fi\/filocafe\/wp-json\/wp\/v2\/posts\/2147\/revisions\/3509"}],"wp:featuredmedia":[{"embeddable":true,"href":"https:\/\/koroinen.fi\/filocafe\/wp-json\/wp\/v2\/media\/2151"}],"wp:attachment":[{"href":"https:\/\/koroinen.fi\/filocafe\/wp-json\/wp\/v2\/media?parent=2147"}],"wp:term":[{"taxonomy":"category","embeddable":true,"href":"https:\/\/koroinen.fi\/filocafe\/wp-json\/wp\/v2\/categories?post=2147"},{"taxonomy":"post_tag","embeddable":true,"href":"https:\/\/koroinen.fi\/filocafe\/wp-json\/wp\/v2\/tags?post=2147"}],"curies":[{"name":"wp","href":"https:\/\/api.w.org\/{rel}","templated":true}]}}