{"id":2172,"date":"2023-04-24T16:50:58","date_gmt":"2023-04-24T13:50:58","guid":{"rendered":"https:\/\/koroinen.fi\/filocafe\/?p=2172"},"modified":"2023-05-25T14:25:08","modified_gmt":"2023-05-25T11:25:08","slug":"rauhattomuus-mita-se-on","status":"publish","type":"post","link":"https:\/\/koroinen.fi\/filocafe\/rauhattomuus-mita-se-on\/","title":{"rendered":"RAUHATTOMUUS &#8211; mit\u00e4 se on?"},"content":{"rendered":"\n<h2 class=\"wp-block-heading\">FiloCafe -ilta oli 24.5.2023 kello 19.30 &#8211; 21.00 Turun kaupunginteatterin <a rel=\"noreferrer noopener\" href=\"http:\/\/www.viidesnayttamo.fi\/\" target=\"_blank\">Viidennell\u00e4 n\u00e4ytt\u00e4m\u00f6ll\u00e4<\/a><\/h2>\n\n\n<div class=\"wp-block-image is-style-rounded\">\n<figure class=\"aligncenter size-full is-resized\"><img loading=\"lazy\" decoding=\"async\" src=\"https:\/\/koroinen.fi\/filocafe\/wp-content\/uploads\/2023\/05\/IMG_1490.jpeg\" alt=\"\" class=\"wp-image-2190\" width=\"480\" height=\"353\" srcset=\"https:\/\/koroinen.fi\/filocafe\/wp-content\/uploads\/2023\/05\/IMG_1490.jpeg 640w, https:\/\/koroinen.fi\/filocafe\/wp-content\/uploads\/2023\/05\/IMG_1490-300x221.jpeg 300w\" sizes=\"auto, (max-width: 480px) 100vw, 480px\" \/><figcaption class=\"wp-element-caption\">FiloCafe -ty\u00f6ryhm\u00e4n j\u00e4sen Matti Taneli<\/figcaption><\/figure>\n<\/div>\n\n\n<p>Illan aluksi FiloCafe -ty\u00f6ryhm\u00e4n j\u00e4sen, Matti Taneli lausui muistosanat Turun FiloCafe -toiminnan perustajan Heikki Vuorilan el\u00e4m\u00e4lle, jonka j\u00e4lkeen vietettiin hiljainen hetki h\u00e4nen muistoksi. <\/p>\n\n\n\n<h3 class=\"wp-block-heading\">Timo Helenius esitteli illan teemaa:<\/h3>\n\n\n\n<p>Kysymyst\u00e4 rauhasta ja sen menett\u00e4misest\u00e4 on aivan viime aikoina tarkasteltu etenkin Ven\u00e4j\u00e4n k\u00e4ynnist\u00e4m\u00e4n hy\u00f6kk\u00e4yssodan varjossa. Rauhan ja sodan vastakkainasettaminen johtaa kuitenkin helposti rauhan k\u00e4sitteen typist\u00e4miseen vain vapaudeksi ulkoisesta v\u00e4kivallasta tai sen uhkasta. Vastaavalla tavalla rauhattomuus n\u00e4hd\u00e4\u00e4n t\u00e4ll\u00f6in helposti vain \u201drauhan rikkomisena\u201d tai sodan tai ulkoisen v\u00e4kivallan l\u00e4sn\u00e4olona. Niin kuin esimerkiksi stoalainen filosofia esitt\u00e4\u00e4, rauha tulee kuitenkin n\u00e4hd\u00e4 laajemmin eli asenteena ja mielentilana. T\u00e4ss\u00e4 mieless\u00e4 rauha on levollisuutta ja tyyneytt\u00e4 niin ulkoisen kuin sis\u00e4isen k\u00e4rsimyksen kuin voimakkaan onnen tai ilon keskell\u00e4. Stoalaisillekin t\u00e4llainen mielenrauha oli kuitenkin pikemminkin tavoite kuin l\u00e4ht\u00f6kohtaisesti saavutettava olemassaolontapa. Inhimillisen kokemuksen keskeiseksi piirteeksi hahmottuu t\u00e4ll\u00f6in rauhattomuus. Mutta mit\u00e4 se on ja miksi sit\u00e4 koetaan?<\/p>\n\n\n<div class=\"wp-block-image is-style-rounded\">\n<figure class=\"aligncenter size-large is-resized\"><img loading=\"lazy\" decoding=\"async\" src=\"https:\/\/koroinen.fi\/filocafe\/wp-content\/uploads\/2023\/04\/IMG_1493-714x1024.jpeg\" alt=\"\" class=\"wp-image-2198\" width=\"357\" height=\"512\" srcset=\"https:\/\/koroinen.fi\/filocafe\/wp-content\/uploads\/2023\/04\/IMG_1493-714x1024.jpeg 714w, https:\/\/koroinen.fi\/filocafe\/wp-content\/uploads\/2023\/04\/IMG_1493-209x300.jpeg 209w, https:\/\/koroinen.fi\/filocafe\/wp-content\/uploads\/2023\/04\/IMG_1493-768x1101.jpeg 768w, https:\/\/koroinen.fi\/filocafe\/wp-content\/uploads\/2023\/04\/IMG_1493-1071x1536.jpeg 1071w, https:\/\/koroinen.fi\/filocafe\/wp-content\/uploads\/2023\/04\/IMG_1493-1428x2048.jpeg 1428w, https:\/\/koroinen.fi\/filocafe\/wp-content\/uploads\/2023\/04\/IMG_1493-scaled.jpeg 1786w\" sizes=\"auto, (max-width: 357px) 100vw, 357px\" \/><figcaption class=\"wp-element-caption\">Dosentti Timo Helenius illan tilaisuudessa kertomassa rauhattomuuden filosofiasta<\/figcaption><\/figure>\n<\/div>\n\n\n<p>Turun yliopiston filosofian dosentti Timo Helenius (FT, TM, VTM) on v\u00e4itellyt Boston Collegessa kulttuurisen subjektiivisuuden kysymyksist\u00e4 etenkin Kantin, Hegelin, Heideggerin ja Ricoeurin ajattelussa. Helenius on kriittisesti esitellyt etenkin Ricoeurin hermeneuttis-fenomenologista ajattelua lukuisissa korkeatasoisissa kansainv\u00e4lisiss\u00e4 tiedejulkaisuissa ja kokoelmateoksissa. Vuonna 2016 julkaistu&nbsp;<em>Ricoeur, Culture, and Recognition: A Hermeneutic of Cultural Subjectivity<\/em>&nbsp;(Rowman &amp; Littlefield) her\u00e4tti laajaa mielenkiintoa yli tieteenalarajojen ja vakiinnutti Heleniuksen aseman Ricoeurin filosofian kansainv\u00e4lisen\u00e4 asiantuntijana. Heleniuksen viimeaikaisimmat julkaisut ovat keskittyneet tutkimaan inhimillisen peruskokemuksen muotoa ja muodostumista; t\u00e4m\u00e4 tutkimusprojekti kytkeytyy etenkin fenomenologisen filosofian perinteeseen.<\/p>\n\n\n\n<h2 class=\"wp-block-heading\">&nbsp;<\/h2>\n\n\n\n<h3 class=\"wp-block-heading\">&nbsp;<\/h3>\n","protected":false},"excerpt":{"rendered":"<p>FiloCafe -ilta oli 24.5.2023 kello 19.30 &#8211; 21.00 Turun kaupunginteatterin Viidennell\u00e4 n\u00e4ytt\u00e4m\u00f6ll\u00e4 Illan aluksi FiloCafe -ty\u00f6ryhm\u00e4n j\u00e4sen, Matti Taneli lausui muistosanat Turun FiloCafe -toiminnan perustajan Heikki Vuorilan el\u00e4m\u00e4lle, jonka j\u00e4lkeen vietettiin hiljainen hetki h\u00e4nen muistoksi. Timo Helenius esitteli illan teemaa: Kysymyst\u00e4 rauhasta ja sen menett\u00e4misest\u00e4 on aivan viime aikoina tarkasteltu etenkin Ven\u00e4j\u00e4n k\u00e4ynnist\u00e4m\u00e4n hy\u00f6kk\u00e4yssodan varjossa. &#8230; <a title=\"RAUHATTOMUUS &#8211; mit\u00e4 se on?\" class=\"read-more\" href=\"https:\/\/koroinen.fi\/filocafe\/rauhattomuus-mita-se-on\/\" aria-label=\"Lue lis\u00e4\u00e4 aiheesta RAUHATTOMUUS &#8211; mit\u00e4 se on?\">Lue lis\u00e4\u00e4<\/a><\/p>\n","protected":false},"author":1,"featured_media":2171,"comment_status":"closed","ping_status":"open","sticky":false,"template":"","format":"standard","meta":{"footnotes":""},"categories":[2,71],"tags":[4,10,86,85,79],"class_list":["post-2172","post","type-post","status-publish","format-standard","has-post-thumbnail","hentry","category-filocafe-ilta","category-filosofia","tag-filocafe-ilta","tag-filosofia","tag-ricoueur","tag-timo-helenius","tag-viides-nayttamo"],"_links":{"self":[{"href":"https:\/\/koroinen.fi\/filocafe\/wp-json\/wp\/v2\/posts\/2172","targetHints":{"allow":["GET"]}}],"collection":[{"href":"https:\/\/koroinen.fi\/filocafe\/wp-json\/wp\/v2\/posts"}],"about":[{"href":"https:\/\/koroinen.fi\/filocafe\/wp-json\/wp\/v2\/types\/post"}],"author":[{"embeddable":true,"href":"https:\/\/koroinen.fi\/filocafe\/wp-json\/wp\/v2\/users\/1"}],"replies":[{"embeddable":true,"href":"https:\/\/koroinen.fi\/filocafe\/wp-json\/wp\/v2\/comments?post=2172"}],"version-history":[{"count":12,"href":"https:\/\/koroinen.fi\/filocafe\/wp-json\/wp\/v2\/posts\/2172\/revisions"}],"predecessor-version":[{"id":2199,"href":"https:\/\/koroinen.fi\/filocafe\/wp-json\/wp\/v2\/posts\/2172\/revisions\/2199"}],"wp:featuredmedia":[{"embeddable":true,"href":"https:\/\/koroinen.fi\/filocafe\/wp-json\/wp\/v2\/media\/2171"}],"wp:attachment":[{"href":"https:\/\/koroinen.fi\/filocafe\/wp-json\/wp\/v2\/media?parent=2172"}],"wp:term":[{"taxonomy":"category","embeddable":true,"href":"https:\/\/koroinen.fi\/filocafe\/wp-json\/wp\/v2\/categories?post=2172"},{"taxonomy":"post_tag","embeddable":true,"href":"https:\/\/koroinen.fi\/filocafe\/wp-json\/wp\/v2\/tags?post=2172"}],"curies":[{"name":"wp","href":"https:\/\/api.w.org\/{rel}","templated":true}]}}