{"id":2288,"date":"2023-10-19T17:52:40","date_gmt":"2023-10-19T14:52:40","guid":{"rendered":"https:\/\/koroinen.fi\/filocafe\/?p=2288"},"modified":"2023-10-19T18:02:03","modified_gmt":"2023-10-19T15:02:03","slug":"naytelmahankkeen-esittelytilaisuus","status":"publish","type":"post","link":"https:\/\/koroinen.fi\/filocafe\/naytelmahankkeen-esittelytilaisuus\/","title":{"rendered":"N\u00c4YTELM\u00c4HANKKEEN ESITTELYTILAISUUS"},"content":{"rendered":"\n<h2 class=\"wp-block-heading\">Tilaisuus alkaa <em>El\u00e4m\u00e4\u00e4 ja ihmisi\u00e4 Halisissa <\/em>&#8211; <a href=\"https:\/\/www.koroinen.fi\/artikkelit\/halisviikko-2023-kevaan-juhlaa\/\" target=\"_blank\" rel=\"noreferrer noopener\">kirjan julkistamisen<\/a>  j\u00e4lkeen <a rel=\"noreferrer noopener\" href=\"https:\/\/www.turku.fi\/toimipaikat\/nummen-kirjasto\" data-type=\"URL\" data-id=\"https:\/\/www.turku.fi\/toimipaikat\/nummen-kirjasto\" target=\"_blank\">Nummen kirjastossa<\/a> 1.11.2023. Tapahtuma alkaa kello 17.00 ja p\u00e4\u00e4ttyy viimeist\u00e4\u00e4n kello 19.00. <\/h2>\n\n\n\n<h2 class=\"wp-block-heading\">Ohjaaja Harri Helin ja hankkeen valmistelija Timo Leinonen esittelev\u00e4t niit\u00e4 ajatuksia ja toteutustapoja, jotka liittyv\u00e4t Jaakko Finnon el\u00e4m\u00e4st\u00e4 ja el\u00e4m\u00e4nty\u00f6st\u00e4 kertovan n\u00e4ytelm\u00e4n valmisteluun.<\/h2>\n\n\n\n<p>Samalla esitet\u00e4\u00e4n my\u00f6s katkelmia n\u00e4ytelm\u00e4st\u00e4 ja Finnon virsist\u00e4 nykymuodossa sek\u00e4 viritell\u00e4\u00e4n keskustelua aiheen ymp\u00e4rill\u00e4. <\/p>\n","protected":false},"excerpt":{"rendered":"<p>Tilaisuus alkaa El\u00e4m\u00e4\u00e4 ja ihmisi\u00e4 Halisissa &#8211; kirjan julkistamisen j\u00e4lkeen Nummen kirjastossa 1.11.2023. Tapahtuma alkaa kello 17.00 ja p\u00e4\u00e4ttyy viimeist\u00e4\u00e4n kello 19.00. Ohjaaja Harri Helin ja hankkeen valmistelija Timo Leinonen esittelev\u00e4t niit\u00e4 ajatuksia ja toteutustapoja, jotka liittyv\u00e4t Jaakko Finnon el\u00e4m\u00e4st\u00e4 ja el\u00e4m\u00e4nty\u00f6st\u00e4 kertovan n\u00e4ytelm\u00e4n valmisteluun. Samalla esitet\u00e4\u00e4n my\u00f6s katkelmia n\u00e4ytelm\u00e4st\u00e4 ja Finnon virsist\u00e4 nykymuodossa sek\u00e4 &#8230; <a title=\"N\u00c4YTELM\u00c4HANKKEEN ESITTELYTILAISUUS\" class=\"read-more\" href=\"https:\/\/koroinen.fi\/filocafe\/naytelmahankkeen-esittelytilaisuus\/\" aria-label=\"Lue lis\u00e4\u00e4 aiheesta N\u00c4YTELM\u00c4HANKKEEN ESITTELYTILAISUUS\">Lue lis\u00e4\u00e4<\/a><\/p>\n","protected":false},"author":1,"featured_media":2290,"comment_status":"closed","ping_status":"open","sticky":false,"template":"","format":"standard","meta":{"footnotes":""},"categories":[52],"tags":[93,94,92,91],"class_list":["post-2288","post","type-post","status-publish","format-standard","has-post-thumbnail","hentry","category-runous","tag-kirkkohistoria","tag-maarian-seurakunta","tag-naytelma","tag-virsirunous"],"_links":{"self":[{"href":"https:\/\/koroinen.fi\/filocafe\/wp-json\/wp\/v2\/posts\/2288","targetHints":{"allow":["GET"]}}],"collection":[{"href":"https:\/\/koroinen.fi\/filocafe\/wp-json\/wp\/v2\/posts"}],"about":[{"href":"https:\/\/koroinen.fi\/filocafe\/wp-json\/wp\/v2\/types\/post"}],"author":[{"embeddable":true,"href":"https:\/\/koroinen.fi\/filocafe\/wp-json\/wp\/v2\/users\/1"}],"replies":[{"embeddable":true,"href":"https:\/\/koroinen.fi\/filocafe\/wp-json\/wp\/v2\/comments?post=2288"}],"version-history":[{"count":10,"href":"https:\/\/koroinen.fi\/filocafe\/wp-json\/wp\/v2\/posts\/2288\/revisions"}],"predecessor-version":[{"id":2300,"href":"https:\/\/koroinen.fi\/filocafe\/wp-json\/wp\/v2\/posts\/2288\/revisions\/2300"}],"wp:featuredmedia":[{"embeddable":true,"href":"https:\/\/koroinen.fi\/filocafe\/wp-json\/wp\/v2\/media\/2290"}],"wp:attachment":[{"href":"https:\/\/koroinen.fi\/filocafe\/wp-json\/wp\/v2\/media?parent=2288"}],"wp:term":[{"taxonomy":"category","embeddable":true,"href":"https:\/\/koroinen.fi\/filocafe\/wp-json\/wp\/v2\/categories?post=2288"},{"taxonomy":"post_tag","embeddable":true,"href":"https:\/\/koroinen.fi\/filocafe\/wp-json\/wp\/v2\/tags?post=2288"}],"curies":[{"name":"wp","href":"https:\/\/api.w.org\/{rel}","templated":true}]}}