{"id":236,"date":"2017-09-18T12:24:39","date_gmt":"2017-09-18T09:24:39","guid":{"rendered":"http:\/\/koroinen.fi\/filocafe\/?p=236"},"modified":"2021-05-18T18:09:42","modified_gmt":"2021-05-18T15:09:42","slug":"kierkegaard-ja-uskon-hyppy-filocafe-ilta-10-10-2017-pienessa-kirjapuodissa","status":"publish","type":"post","link":"https:\/\/koroinen.fi\/filocafe\/kierkegaard-ja-uskon-hyppy-filocafe-ilta-10-10-2017-pienessa-kirjapuodissa\/","title":{"rendered":"Kierkegaard ja uskon hyppy. FiloCafe -ilta 10.10.2017 Pieness\u00e4 Kirjapuodissa"},"content":{"rendered":"<figure id=\"attachment_246\" aria-describedby=\"caption-attachment-246\" style=\"width: 356px\" class=\"wp-caption aligncenter\"><img loading=\"lazy\" decoding=\"async\" class=\"wp-image-246 \" src=\"https:\/\/koroinen.fi\/filocafe\/wp-content\/uploads\/2017\/09\/MattiTaneliKertomassaKierkegaaadista-262x300.jpg\" alt=\"\" width=\"366\" height=\"419\" srcset=\"https:\/\/koroinen.fi\/filocafe\/wp-content\/uploads\/2017\/09\/MattiTaneliKertomassaKierkegaaadista-262x300.jpg 262w, https:\/\/koroinen.fi\/filocafe\/wp-content\/uploads\/2017\/09\/MattiTaneliKertomassaKierkegaaadista-768x880.jpg 768w, https:\/\/koroinen.fi\/filocafe\/wp-content\/uploads\/2017\/09\/MattiTaneliKertomassaKierkegaaadista-894x1024.jpg 894w, https:\/\/koroinen.fi\/filocafe\/wp-content\/uploads\/2017\/09\/MattiTaneliKertomassaKierkegaaadista.jpg 934w\" sizes=\"auto, (max-width: 366px) 100vw, 366px\" \/><figcaption id=\"caption-attachment-246\" class=\"wp-caption-text\">Matti Taneli pohjustamassa keskusteluja Kierkegaardista Pieness\u00e4 Kirjapuodissa<\/figcaption><\/figure>\n<p>KT, FM, TM Matti Taneli johdatteli keskusteluja Kierkegaardin maailmaan Pieness\u00e4 Kirjapuodissa Aleksis Kiven p\u00e4iv\u00e4n\u00e4 10.10. 2017 kello 17.00 &#8211; 18.30.<\/p>\n<p>H\u00e4n k\u00e4sitteli alustuksessaan monipuolisesti ja innostavasti tanskalaisen teologi-filosofin S\u00f6ren Kierkegaardin ajattelua ja el\u00e4m\u00e4\u00e4. Alustuksen j\u00e4lkeiset keskustelut olivat vilkkaat, monipuoliset sek\u00e4 mukaansa tempaavat. Kiitos kaikille osallistujille ja erityisesti alustajalle!<\/p>\n<p><!--more--><\/p>\n<p>Kierkegaard alleviivaa, ett\u00e4 uskonnollinen usko on tiedollista ep\u00e4varmuutta. Se edellytt\u00e4\u00e4 ennen muuta voimakasta tunnetta ja kokemusta.&nbsp; Usko todellistuu ihmisen omakohtaisen valinnan kautta. T\u00e4m\u00e4n valinnan tehdess\u00e4\u00e4n h\u00e4n on aivan yksin.<\/p>\n<p>Kierkegaard sanoo:<\/p>\n<p><em>Edess\u00e4ni on rotko ja minun on hyp\u00e4tt\u00e4v\u00e4 ja luotettava siihen, ett\u00e4 rotkon toisella puolella on Jumala. Kun ihmisen henkil\u00f6kohtainen valinta kohdistuu ehdottomaan paradoksiin, so. kristinuskon keskeisimp\u00e4\u00e4n sis\u00e4lt\u00f6\u00f6n, jumalalliseen inkarnaation eli ihmiseksi tulemisen hetkeen, on kristillinen usko aidoimmillaan. N\u00e4in ollen ihminen on autenttisesti olemassa.<\/em><\/p>\n<p style=\"text-align: left;\">Lis\u00e4tietoja Kierkegaardista l\u00f6ytyy <a href=\"https:\/\/fi.wikipedia.org\/wiki\/S%C3%B8ren_Kierkegaard\" target=\"_blank\" rel=\"noopener noreferrer\">t\u00e4st\u00e4.<\/a><\/p>\n<p style=\"text-align: left;\">\n","protected":false},"excerpt":{"rendered":"<p>KT, FM, TM Matti Taneli johdatteli keskusteluja Kierkegaardin maailmaan Pieness\u00e4 Kirjapuodissa Aleksis Kiven p\u00e4iv\u00e4n\u00e4 10.10. 2017 kello 17.00 &#8211; 18.30. H\u00e4n k\u00e4sitteli alustuksessaan monipuolisesti ja innostavasti tanskalaisen teologi-filosofin S\u00f6ren Kierkegaardin ajattelua ja el\u00e4m\u00e4\u00e4. Alustuksen j\u00e4lkeiset keskustelut olivat vilkkaat, monipuoliset sek\u00e4 mukaansa tempaavat. Kiitos kaikille osallistujille ja erityisesti alustajalle!<\/p>\n","protected":false},"author":1,"featured_media":4,"comment_status":"closed","ping_status":"closed","sticky":false,"template":"","format":"standard","meta":{"footnotes":""},"categories":[2],"tags":[4,25,22,24,21,26],"class_list":["post-236","post","type-post","status-publish","format-standard","has-post-thumbnail","hentry","category-filocafe-ilta","tag-filocafe-ilta","tag-kierkegaard","tag-matti-taneli","tag-pieni-kirjapuoti","tag-syyskausi-2017","tag-uskonnon-filosofia"],"_links":{"self":[{"href":"https:\/\/koroinen.fi\/filocafe\/wp-json\/wp\/v2\/posts\/236","targetHints":{"allow":["GET"]}}],"collection":[{"href":"https:\/\/koroinen.fi\/filocafe\/wp-json\/wp\/v2\/posts"}],"about":[{"href":"https:\/\/koroinen.fi\/filocafe\/wp-json\/wp\/v2\/types\/post"}],"author":[{"embeddable":true,"href":"https:\/\/koroinen.fi\/filocafe\/wp-json\/wp\/v2\/users\/1"}],"replies":[{"embeddable":true,"href":"https:\/\/koroinen.fi\/filocafe\/wp-json\/wp\/v2\/comments?post=236"}],"version-history":[{"count":9,"href":"https:\/\/koroinen.fi\/filocafe\/wp-json\/wp\/v2\/posts\/236\/revisions"}],"predecessor-version":[{"id":1240,"href":"https:\/\/koroinen.fi\/filocafe\/wp-json\/wp\/v2\/posts\/236\/revisions\/1240"}],"wp:featuredmedia":[{"embeddable":true,"href":"https:\/\/koroinen.fi\/filocafe\/wp-json\/wp\/v2\/media\/4"}],"wp:attachment":[{"href":"https:\/\/koroinen.fi\/filocafe\/wp-json\/wp\/v2\/media?parent=236"}],"wp:term":[{"taxonomy":"category","embeddable":true,"href":"https:\/\/koroinen.fi\/filocafe\/wp-json\/wp\/v2\/categories?post=236"},{"taxonomy":"post_tag","embeddable":true,"href":"https:\/\/koroinen.fi\/filocafe\/wp-json\/wp\/v2\/tags?post=236"}],"curies":[{"name":"wp","href":"https:\/\/api.w.org\/{rel}","templated":true}]}}