{"id":2755,"date":"2024-12-03T21:34:20","date_gmt":"2024-12-03T19:34:20","guid":{"rendered":"https:\/\/koroinen.fi\/filocafe\/?p=2755"},"modified":"2025-11-26T15:57:33","modified_gmt":"2025-11-26T13:57:33","slug":"filocafe-ilta-17-12-2024-kello-18-00-19-30","status":"publish","type":"post","link":"https:\/\/koroinen.fi\/filocafe\/filocafe-ilta-17-12-2024-kello-18-00-19-30\/","title":{"rendered":"FiloCafe -ilta 17.12.2024 kello 18.00 &#8211; 19.30"},"content":{"rendered":"\n<h3 class=\"wp-block-heading has-text-align-center\">Kaarlo Marjasesta  ilmestyv\u00e4n uuden kirjan esittely<\/h3>\n\n\n<div class=\"wp-block-image\">\n<figure class=\"aligncenter size-full is-resized\"><img loading=\"lazy\" decoding=\"async\" src=\"https:\/\/koroinen.fi\/filocafe\/wp-content\/uploads\/2024\/12\/Kansilehti.png\" alt=\"\" class=\"wp-image-2754\" width=\"262\" height=\"285\" srcset=\"https:\/\/koroinen.fi\/filocafe\/wp-content\/uploads\/2024\/12\/Kansilehti.png 736w, https:\/\/koroinen.fi\/filocafe\/wp-content\/uploads\/2024\/12\/Kansilehti-276x300.png 276w\" sizes=\"auto, (max-width: 262px) 100vw, 262px\" \/><\/figure>\n<\/div>\n\n\n<p><\/p>\n\n\n\n<p>Tilaisuudessa Timo Leinonen esittelee juuri ilmestyneen toimittamansa Kotiseutuyhdistys Halinen-R\u00e4nt\u00e4m\u00e4ki ryn julkaiseman kirjan <em>Kaarlo Marjanen R\u00e4nt\u00e4m\u00e4en Prusin talosta.<\/em> Kaarlo Marjanen (1899 &#8211; 1984) oli yksi Suomen merkitt\u00e4vimmist\u00e4 lausuntataiteen ja puheopin opettajista, alan kehitt\u00e4jist\u00e4 ja ajattelijoista, joka puki ajatuksensa aforismien muotoon. Erityisen kiinnostuksen kohteena Marjasen ajatelmat ja h\u00e4nen k\u00e4sityksens\u00e4 runoudesta ja kielen merkityksest\u00e4 siin\u00e4. Ja miten noin 400 vuotta aikaisemmin el\u00e4neen <a rel=\"noreferrer noopener\" href=\"https:\/\/koroinen.fi\/filocafe\/filocafe-ajatuksen-ja-toiminnan-perusteet\/\" data-type=\"URL\" data-id=\"https:\/\/koroinen.fi\/filocafe\/filocafe-ajatuksen-ja-toiminnan-perusteet\/\" target=\"_blank\">Jacobus Finnon<\/a> (noin 1540 &#8211; 1588) virsirunous sopii n\u00e4ihin Marjasen teorioihin ja ajatuksiin. <\/p>\n\n\n<div class=\"wp-block-image\">\n<figure class=\"aligncenter size-full\"><img loading=\"lazy\" decoding=\"async\" width=\"597\" height=\"640\" src=\"https:\/\/koroinen.fi\/filocafe\/wp-content\/uploads\/2024\/12\/Takakansikuvat.png\" alt=\"\" class=\"wp-image-2757\" srcset=\"https:\/\/koroinen.fi\/filocafe\/wp-content\/uploads\/2024\/12\/Takakansikuvat.png 597w, https:\/\/koroinen.fi\/filocafe\/wp-content\/uploads\/2024\/12\/Takakansikuvat-280x300.png 280w\" sizes=\"auto, (max-width: 597px) 100vw, 597px\" \/><\/figure>\n<\/div>\n\n\n<p><\/p>\n\n\n\n<h3 class=\"wp-block-heading has-text-align-center\">&nbsp;Finno astuu n\u00e4ytt\u00e4m\u00f6lle<\/h3>\n\n\n\n<p>Julkistuksen j\u00e4lkeen Timo Leinonen esitt\u00e4\u00e4 monologina Finnon jouluevankeliumin Finnon omalla kielell\u00e4, ja Finno-ryhm\u00e4 esittelee ohjaaja Harri Helinin johdolla ja h\u00e4nen sovituksenaan kohtauksen nro 7<em> Finno ja papit<\/em>  Finno tutuksi -n\u00e4ytelm\u00e4st\u00e4.<\/p>\n\n\n\n<h2 class=\"wp-block-heading\">Tervetuloa kokemaan, keskustelemaan ja saamaan uusia ajatuksia!<\/h2>\n\n\n\n<p>O<em>viraha on 5 euroa<\/em>,<em> maksetaan tiskill\u00e4, summan saa v\u00e4hent\u00e4\u00e4 ostoksista<\/em> ravintolasta.<\/p>\n\n\n\n<h3 class=\"wp-block-heading\">Huom!<\/h3>\n\n\n\n<h4 class=\"wp-block-heading\">FiloCafe ilta pidet\u00e4\u00e4n <a rel=\"noreferrer noopener\" href=\"https:\/\/www.panimoravintolakoulu.fi\/\" target=\"_blank\">Panimoravintola Koulussa,<\/a> sen historian luokassa, Eerikinkatu 18 Turussa, ks. <a rel=\"noreferrer noopener\" href=\"https:\/\/www.panimoravintolakoulu.fi\/\" data-type=\"URL\" data-id=\"https:\/\/www.panimoravintolakoulu.fi\/\" target=\"_blank\">t\u00e4st\u00e4<\/a>&nbsp; <\/h4>\n","protected":false},"excerpt":{"rendered":"<p>Kaarlo Marjasesta ilmestyv\u00e4n uuden kirjan esittely Tilaisuudessa Timo Leinonen esittelee juuri ilmestyneen toimittamansa Kotiseutuyhdistys Halinen-R\u00e4nt\u00e4m\u00e4ki ryn julkaiseman kirjan Kaarlo Marjanen R\u00e4nt\u00e4m\u00e4en Prusin talosta. Kaarlo Marjanen (1899 &#8211; 1984) oli yksi Suomen merkitt\u00e4vimmist\u00e4 lausuntataiteen ja puheopin opettajista, alan kehitt\u00e4jist\u00e4 ja ajattelijoista, joka puki ajatuksensa aforismien muotoon. Erityisen kiinnostuksen kohteena Marjasen ajatelmat ja h\u00e4nen k\u00e4sityksens\u00e4 runoudesta ja &#8230; <a title=\"FiloCafe -ilta 17.12.2024 kello 18.00 &#8211; 19.30\" class=\"read-more\" href=\"https:\/\/koroinen.fi\/filocafe\/filocafe-ilta-17-12-2024-kello-18-00-19-30\/\" aria-label=\"Lue lis\u00e4\u00e4 aiheesta FiloCafe -ilta 17.12.2024 kello 18.00 &#8211; 19.30\">Lue lis\u00e4\u00e4<\/a><\/p>\n","protected":false},"author":1,"featured_media":2768,"comment_status":"closed","ping_status":"open","sticky":false,"template":"","format":"standard","meta":{"footnotes":""},"categories":[83,2],"tags":[100,101],"class_list":["post-2755","post","type-post","status-publish","format-standard","has-post-thumbnail","hentry","category-elamankerta","category-filocafe-ilta","tag-ilmaisutaito","tag-puhetaito"],"_links":{"self":[{"href":"https:\/\/koroinen.fi\/filocafe\/wp-json\/wp\/v2\/posts\/2755","targetHints":{"allow":["GET"]}}],"collection":[{"href":"https:\/\/koroinen.fi\/filocafe\/wp-json\/wp\/v2\/posts"}],"about":[{"href":"https:\/\/koroinen.fi\/filocafe\/wp-json\/wp\/v2\/types\/post"}],"author":[{"embeddable":true,"href":"https:\/\/koroinen.fi\/filocafe\/wp-json\/wp\/v2\/users\/1"}],"replies":[{"embeddable":true,"href":"https:\/\/koroinen.fi\/filocafe\/wp-json\/wp\/v2\/comments?post=2755"}],"version-history":[{"count":19,"href":"https:\/\/koroinen.fi\/filocafe\/wp-json\/wp\/v2\/posts\/2755\/revisions"}],"predecessor-version":[{"id":2785,"href":"https:\/\/koroinen.fi\/filocafe\/wp-json\/wp\/v2\/posts\/2755\/revisions\/2785"}],"wp:featuredmedia":[{"embeddable":true,"href":"https:\/\/koroinen.fi\/filocafe\/wp-json\/wp\/v2\/media\/2768"}],"wp:attachment":[{"href":"https:\/\/koroinen.fi\/filocafe\/wp-json\/wp\/v2\/media?parent=2755"}],"wp:term":[{"taxonomy":"category","embeddable":true,"href":"https:\/\/koroinen.fi\/filocafe\/wp-json\/wp\/v2\/categories?post=2755"},{"taxonomy":"post_tag","embeddable":true,"href":"https:\/\/koroinen.fi\/filocafe\/wp-json\/wp\/v2\/tags?post=2755"}],"curies":[{"name":"wp","href":"https:\/\/api.w.org\/{rel}","templated":true}]}}