{"id":2786,"date":"2025-01-23T15:00:32","date_gmt":"2025-01-23T13:00:32","guid":{"rendered":"https:\/\/koroinen.fi\/filocafe\/?p=2786"},"modified":"2025-11-26T15:56:15","modified_gmt":"2025-11-26T13:56:15","slug":"virsirunoilija-jacobus-finno-maarian-kirkkoherra","status":"publish","type":"post","link":"https:\/\/koroinen.fi\/filocafe\/virsirunoilija-jacobus-finno-maarian-kirkkoherra\/","title":{"rendered":"Virsirunoilija Jacobus Finno &#8211; Maarian kirkkoherra"},"content":{"rendered":"<div class=\"wp-block-image is-style-default\">\n<figure class=\"aligncenter size-full\"><img loading=\"lazy\" decoding=\"async\" width=\"200\" height=\"200\" src=\"https:\/\/koroinen.fi\/filocafe\/wp-content\/uploads\/2025\/01\/Kuva.jpg\" alt=\"\" class=\"wp-image-2790\" srcset=\"https:\/\/koroinen.fi\/filocafe\/wp-content\/uploads\/2025\/01\/Kuva.jpg 200w, https:\/\/koroinen.fi\/filocafe\/wp-content\/uploads\/2025\/01\/Kuva-150x150.jpg 150w\" sizes=\"auto, (max-width: 200px) 100vw, 200px\" \/><figcaption class=\"wp-element-caption\">Teologian tohtori Jari Laaksonen<\/figcaption><\/figure>\n<\/div>\n\n\n<h2 class=\"wp-block-heading\">FiloCafe -ilta 13.2.2025 kello 18.00 &#8211; 19.30 Panimoravintola Koulun historian luokassa, Eerikinkatu 18 Turussa, ks. <a rel=\"noreferrer noopener\" href=\"https:\/\/www.panimoravintolakoulu.fi\/\" data-type=\"URL\" data-id=\"https:\/\/www.panimoravintolakoulu.fi\/\" target=\"_blank\">t\u00e4st\u00e4<\/a>&nbsp; <\/h2>\n\n\n\n<p>Maarian seurakunnan kappalainen Jari Laaksonen kertoo keskustelujen pohjaksi ensimm\u00e4isen suomenkielisen virsikirjan tekij\u00e4st\u00e4, Maarian seurakunnan kirkkoherrasta Jacobus Finnosta (noin 1540 &#8211; 1588) ja h\u00e4nen virsist\u00e4\u00e4n. <\/p>\n\n\n\n<!--more-->\n\n\n\n<p>Keskustelujen taustaksi Timo Leinonen Finno-ryhm\u00e4st\u00e4 esittelee Finnon el\u00e4m\u00e4\u00e4 ja el\u00e4m\u00e4nty\u00f6t\u00e4 esitt\u00e4m\u00e4ll\u00e4 monologina Finnon virsirunon Kuninkaan pojan h\u00e4\u00e4t alkuper\u00e4isell\u00e4 Finnon kielell\u00e4. Runo perustuu Matteuksen evankeliumista l\u00f6ytyv\u00e4\u00e4n Jeesuksen kertomukseen, evankeliumin 22 lukuun ja luvun 1 &#8211; 14 jakeeseen.<\/p>\n\n\n\n<p>Finno-ryhm\u00e4 esitt\u00e4\u00e4 kohtauksen Finno ja papit Irmelinin n\u00e4ytelm\u00e4st\u00e4 <em>Jaakko Finno &#8211; suomalainen suurmies<\/em>. T\u00e4m\u00e4 kohtaus perustuu Finnon omiin kirjoituksiin. Siin\u00e4 h\u00e4n perustelee sit\u00e4, mihin ja miksi tarvitaan suomenkielist\u00e4 virsikirjaa. Ohjaaja Harri Helin on t\u00e4st\u00e4 tekstist\u00e4 muokannut vaikuttavan kohtauksen, jossa k\u00e4sitell\u00e4\u00e4n niit\u00e4 isoja asioita, jotka aikoinaan liittyiv\u00e4t ensimm\u00e4isen kansankielisen virsikirjan tekoon. N\u00e4ytelm\u00e4ss\u00e4 rooleissa ovat Finnoryhm\u00e4l\u00e4iset: Harri Helin, Reijo Sepp\u00e4l\u00e4 ja Finnoa esitt\u00e4v\u00e4 Jani Saarinen. <\/p>\n\n\n<div class=\"wp-block-image is-style-default\">\n<figure class=\"aligncenter size-full is-resized\"><img loading=\"lazy\" decoding=\"async\" src=\"https:\/\/koroinen.fi\/filocafe\/wp-content\/uploads\/2025\/01\/IMG_3542-6.jpeg\" alt=\"\" class=\"wp-image-2796\" width=\"382\" height=\"205\" srcset=\"https:\/\/koroinen.fi\/filocafe\/wp-content\/uploads\/2025\/01\/IMG_3542-6.jpeg 640w, https:\/\/koroinen.fi\/filocafe\/wp-content\/uploads\/2025\/01\/IMG_3542-6-300x161.jpeg 300w\" sizes=\"auto, (max-width: 382px) 100vw, 382px\" \/><figcaption class=\"wp-element-caption\">Finno ja Papit kohtaus Kaarinan kirkossa marraskuussa 2024<\/figcaption><\/figure>\n<\/div>\n\n\n<h4 class=\"wp-block-heading has-text-align-center has-luminous-vivid-orange-color has-text-color\">Tilaisuus on nyt pidetty, kiitos kaikki osallisille!<\/h4>\n\n\n\n<h2 class=\"wp-block-heading has-text-align-center\">Tervetuloa kokemaan, keskustelemaan ja saamaan uusia ajatuksia!<\/h2>\n\n\n\n<p class=\"has-text-align-center\">O<em>viraha on 5 euroa<\/em>,<em> maksetaan tiskill\u00e4, summan saa v\u00e4hent\u00e4\u00e4 ostoksista<\/em> ravintolasta.<\/p>\n","protected":false},"excerpt":{"rendered":"<p>FiloCafe -ilta 13.2.2025 kello 18.00 &#8211; 19.30 Panimoravintola Koulun historian luokassa, Eerikinkatu 18 Turussa, ks. t\u00e4st\u00e4&nbsp; Maarian seurakunnan kappalainen Jari Laaksonen kertoo keskustelujen pohjaksi ensimm\u00e4isen suomenkielisen virsikirjan tekij\u00e4st\u00e4, Maarian seurakunnan kirkkoherrasta Jacobus Finnosta (noin 1540 &#8211; 1588) ja h\u00e4nen virsist\u00e4\u00e4n.<\/p>\n","protected":false},"author":1,"featured_media":2789,"comment_status":"closed","ping_status":"open","sticky":false,"template":"","format":"standard","meta":{"footnotes":""},"categories":[2,52,1],"tags":[4,94,37],"class_list":["post-2786","post","type-post","status-publish","format-standard","has-post-thumbnail","hentry","category-filocafe-ilta","category-runous","category-yleinen","tag-filocafe-ilta","tag-maarian-seurakunta","tag-runous"],"_links":{"self":[{"href":"https:\/\/koroinen.fi\/filocafe\/wp-json\/wp\/v2\/posts\/2786","targetHints":{"allow":["GET"]}}],"collection":[{"href":"https:\/\/koroinen.fi\/filocafe\/wp-json\/wp\/v2\/posts"}],"about":[{"href":"https:\/\/koroinen.fi\/filocafe\/wp-json\/wp\/v2\/types\/post"}],"author":[{"embeddable":true,"href":"https:\/\/koroinen.fi\/filocafe\/wp-json\/wp\/v2\/users\/1"}],"replies":[{"embeddable":true,"href":"https:\/\/koroinen.fi\/filocafe\/wp-json\/wp\/v2\/comments?post=2786"}],"version-history":[{"count":16,"href":"https:\/\/koroinen.fi\/filocafe\/wp-json\/wp\/v2\/posts\/2786\/revisions"}],"predecessor-version":[{"id":2820,"href":"https:\/\/koroinen.fi\/filocafe\/wp-json\/wp\/v2\/posts\/2786\/revisions\/2820"}],"wp:featuredmedia":[{"embeddable":true,"href":"https:\/\/koroinen.fi\/filocafe\/wp-json\/wp\/v2\/media\/2789"}],"wp:attachment":[{"href":"https:\/\/koroinen.fi\/filocafe\/wp-json\/wp\/v2\/media?parent=2786"}],"wp:term":[{"taxonomy":"category","embeddable":true,"href":"https:\/\/koroinen.fi\/filocafe\/wp-json\/wp\/v2\/categories?post=2786"},{"taxonomy":"post_tag","embeddable":true,"href":"https:\/\/koroinen.fi\/filocafe\/wp-json\/wp\/v2\/tags?post=2786"}],"curies":[{"name":"wp","href":"https:\/\/api.w.org\/{rel}","templated":true}]}}