{"id":2945,"date":"2025-05-09T09:12:59","date_gmt":"2025-05-09T06:12:59","guid":{"rendered":"https:\/\/koroinen.fi\/filocafe\/?p=2945"},"modified":"2025-09-19T17:20:16","modified_gmt":"2025-09-19T14:20:16","slug":"onko-tahtitiede-tahdellista","status":"publish","type":"post","link":"https:\/\/koroinen.fi\/filocafe\/onko-tahtitiede-tahdellista\/","title":{"rendered":"ONKO T\u00c4HTITIEDE T\u00c4HDELLIST\u00c4?"},"content":{"rendered":"\n<p>Tilaisuus on jo pidetty, kiitos kaikille osallistujille kiinnostavasta illasta. Syyskauden FiloCafe -ohjelma on nyt valmistelussa. Toivotamme kaikki tervetulleiksi  hankkeemme <a rel=\"noreferrer noopener\" href=\"https:\/\/koroinen.fi\/filocafe\/filocafe-ajatuksen-ja-toiminnan-perusteet\/\" data-type=\"URL\" data-id=\"https:\/\/koroinen.fi\/filocafe\/filocafe-ajatuksen-ja-toiminnan-perusteet\/\" target=\"_blank\">Finno tutuksi<\/a> tilaisuuksiin!<\/p>\n\n\n<div class=\"wp-block-image is-style-rounded\">\n<figure class=\"aligncenter size-large is-resized\"><img loading=\"lazy\" decoding=\"async\" src=\"https:\/\/koroinen.fi\/filocafe\/wp-content\/uploads\/2025\/05\/kuva-1024x995.jpg\" alt=\"\" class=\"wp-image-2950\" width=\"256\" height=\"249\" srcset=\"https:\/\/koroinen.fi\/filocafe\/wp-content\/uploads\/2025\/05\/kuva-1024x995.jpg 1024w, https:\/\/koroinen.fi\/filocafe\/wp-content\/uploads\/2025\/05\/kuva-300x292.jpg 300w, https:\/\/koroinen.fi\/filocafe\/wp-content\/uploads\/2025\/05\/kuva-768x746.jpg 768w, https:\/\/koroinen.fi\/filocafe\/wp-content\/uploads\/2025\/05\/kuva.jpg 1107w\" sizes=\"auto, (max-width: 256px) 100vw, 256px\" \/><\/figure>\n<\/div>\n\n\n<h2 class=\"wp-block-heading\">FiloCafe -ilta  ke 21.5.2025 kello 18.00 &#8211; 19.30 Panimoravintola Koulun historian luokassa, Eerikinkatu 18 Turussa, ks. <a rel=\"noreferrer noopener\" href=\"https:\/\/www.panimoravintolakoulu.fi\/\" data-type=\"URL\" data-id=\"https:\/\/www.panimoravintolakoulu.fi\/\" target=\"_blank\">t\u00e4st\u00e4<\/a>&nbsp; <\/h2>\n\n\n\n<p>Luonnontaiteellisessa performanssissaan t\u00e4htitieteen dosentti <strong>Jukka Nevalainen<\/strong> temmelt\u00e4\u00e4 tieteen ja taiteen joustavalla rajapinnalla, liukuen v\u00e4lill\u00e4 politiikan ja uskonnon alueille, huumoria unohtamatta. Teoksessa tutkitaan todellisuuden luonnetta, erityisesti runouden, musiikin ja t\u00e4htitieteen kautta. Tutkimustuloksia on kuultavissa<a rel=\"noreferrer noopener\" href=\"https:\/\/jukkanevalainen.bandcamp.com\/album\/kosmiset-s-keet\" target=\"_blank\">&nbsp;nettijulkaisussa<\/a>.<\/p>\n\n\n\n<!--more-->\n\n\n<div class=\"wp-block-image is-style-rounded\">\n<figure class=\"aligncenter size-full is-resized\"><img loading=\"lazy\" decoding=\"async\" src=\"https:\/\/koroinen.fi\/filocafe\/wp-content\/uploads\/2025\/05\/Jukka_kosmiset-sakeet_Kansi_FINAL.png\" alt=\"\" class=\"wp-image-2948\" width=\"400\" height=\"400\" srcset=\"https:\/\/koroinen.fi\/filocafe\/wp-content\/uploads\/2025\/05\/Jukka_kosmiset-sakeet_Kansi_FINAL.png 800w, https:\/\/koroinen.fi\/filocafe\/wp-content\/uploads\/2025\/05\/Jukka_kosmiset-sakeet_Kansi_FINAL-300x300.png 300w, https:\/\/koroinen.fi\/filocafe\/wp-content\/uploads\/2025\/05\/Jukka_kosmiset-sakeet_Kansi_FINAL-150x150.png 150w, https:\/\/koroinen.fi\/filocafe\/wp-content\/uploads\/2025\/05\/Jukka_kosmiset-sakeet_Kansi_FINAL-768x768.png 768w\" sizes=\"auto, (max-width: 400px) 100vw, 400px\" \/><\/figure>\n<\/div>\n\n\n<p><\/p>\n\n\n\n<p>Jukka Nevalainen esitt\u00e4\u00e4 performanssityyppisen alustuksen tieteen ja taiteen yhteydest\u00e4 musiikkia hy\u00f6dynt\u00e4en. <\/p>\n\n\n<h2 class=\"wp-block-heading\"><span style=\"font-size: revert; font-weight: revert; text-align: center;\">Tervetuloa kokemaan, keskustelemaan ja saamaan uusia ajatuksia!<\/span><\/h2>\n<p class=\"has-text-align-center\">O<em>viraha on 5 euroa<\/em>,<em> maksetaan tiskill\u00e4, summan saa v\u00e4hent\u00e4\u00e4 ostoksista<\/em> ravintolasta.<\/p>","protected":false},"excerpt":{"rendered":"<p>Tilaisuus on jo pidetty, kiitos kaikille osallistujille kiinnostavasta illasta. Syyskauden FiloCafe -ohjelma on nyt valmistelussa. Toivotamme kaikki tervetulleiksi hankkeemme Finno tutuksi tilaisuuksiin! FiloCafe -ilta ke 21.5.2025 kello 18.00 &#8211; 19.30 Panimoravintola Koulun historian luokassa, Eerikinkatu 18 Turussa, ks. t\u00e4st\u00e4&nbsp; Luonnontaiteellisessa performanssissaan t\u00e4htitieteen dosentti Jukka Nevalainen temmelt\u00e4\u00e4 tieteen ja taiteen joustavalla rajapinnalla, liukuen v\u00e4lill\u00e4 politiikan ja &#8230; <a title=\"ONKO T\u00c4HTITIEDE T\u00c4HDELLIST\u00c4?\" class=\"read-more\" href=\"https:\/\/koroinen.fi\/filocafe\/onko-tahtitiede-tahdellista\/\" aria-label=\"Lue lis\u00e4\u00e4 aiheesta ONKO T\u00c4HTITIEDE T\u00c4HDELLIST\u00c4?\">Lue lis\u00e4\u00e4<\/a><\/p>\n","protected":false},"author":1,"featured_media":2234,"comment_status":"closed","ping_status":"closed","sticky":false,"template":"","format":"standard","meta":{"footnotes":""},"categories":[2,52],"tags":[4,104,37,105],"class_list":["post-2945","post","type-post","status-publish","format-standard","has-post-thumbnail","hentry","category-filocafe-ilta","category-runous","tag-filocafe-ilta","tag-performanssi","tag-runous","tag-tahtitiede"],"_links":{"self":[{"href":"https:\/\/koroinen.fi\/filocafe\/wp-json\/wp\/v2\/posts\/2945","targetHints":{"allow":["GET"]}}],"collection":[{"href":"https:\/\/koroinen.fi\/filocafe\/wp-json\/wp\/v2\/posts"}],"about":[{"href":"https:\/\/koroinen.fi\/filocafe\/wp-json\/wp\/v2\/types\/post"}],"author":[{"embeddable":true,"href":"https:\/\/koroinen.fi\/filocafe\/wp-json\/wp\/v2\/users\/1"}],"replies":[{"embeddable":true,"href":"https:\/\/koroinen.fi\/filocafe\/wp-json\/wp\/v2\/comments?post=2945"}],"version-history":[{"count":18,"href":"https:\/\/koroinen.fi\/filocafe\/wp-json\/wp\/v2\/posts\/2945\/revisions"}],"predecessor-version":[{"id":3241,"href":"https:\/\/koroinen.fi\/filocafe\/wp-json\/wp\/v2\/posts\/2945\/revisions\/3241"}],"wp:featuredmedia":[{"embeddable":true,"href":"https:\/\/koroinen.fi\/filocafe\/wp-json\/wp\/v2\/media\/2234"}],"wp:attachment":[{"href":"https:\/\/koroinen.fi\/filocafe\/wp-json\/wp\/v2\/media?parent=2945"}],"wp:term":[{"taxonomy":"category","embeddable":true,"href":"https:\/\/koroinen.fi\/filocafe\/wp-json\/wp\/v2\/categories?post=2945"},{"taxonomy":"post_tag","embeddable":true,"href":"https:\/\/koroinen.fi\/filocafe\/wp-json\/wp\/v2\/tags?post=2945"}],"curies":[{"name":"wp","href":"https:\/\/api.w.org\/{rel}","templated":true}]}}