{"id":296,"date":"2017-12-16T11:47:08","date_gmt":"2017-12-16T09:47:08","guid":{"rendered":"http:\/\/koroinen.fi\/filocafe\/?p=296"},"modified":"2021-05-18T18:05:34","modified_gmt":"2021-05-18T15:05:34","slug":"filosofinen-keskustelu-sokraattisena-kaytantona-filocafe-ilta-9-1-2018","status":"publish","type":"post","link":"https:\/\/koroinen.fi\/filocafe\/filosofinen-keskustelu-sokraattisena-kaytantona-filocafe-ilta-9-1-2018\/","title":{"rendered":"Filosofinen keskustelu sokraattisena k\u00e4yt\u00e4nt\u00f6n\u00e4? FiloCafe &#8211; ilta 9.1.2018"},"content":{"rendered":"<figure id=\"attachment_217\" aria-describedby=\"caption-attachment-217\" style=\"width: 279px\" class=\"wp-caption aligncenter\"><img loading=\"lazy\" decoding=\"async\" class=\" wp-image-217\" src=\"https:\/\/koroinen.fi\/filocafe\/wp-content\/uploads\/2017\/08\/FbHeikki.jpg\" alt=\"\" width=\"289\" height=\"289\" srcset=\"https:\/\/koroinen.fi\/filocafe\/wp-content\/uploads\/2017\/08\/FbHeikki.jpg 160w, https:\/\/koroinen.fi\/filocafe\/wp-content\/uploads\/2017\/08\/FbHeikki-150x150.jpg 150w\" sizes=\"auto, (max-width: 289px) 100vw, 289px\" \/><figcaption id=\"caption-attachment-217\" class=\"wp-caption-text\">Heikki Vuorila<\/figcaption><\/figure>\n<p>FM Heikki Vuorila alusti keskusteluja FiloCafe -illassa tiistaina 9.1.2018 kello 17.00 &#8211; 18.30 <a href=\"http:\/\/www.pienikirjapuoti.fi\/\" target=\"_blank\" rel=\"noopener noreferrer\">Pieness\u00e4 Kirjapuodissa<\/a> otsikolla <em>Filosofinen keskustelu sokraattisena k\u00e4yt\u00e4nt\u00f6n\u00e4?<\/em><\/p>\n<p>Tilaisuuteen oli saapunut noin 15 kiinnostunutta kuulija, jotka osallistuivat vilkkaasti ja monipuolisesti ajatusten vaihtoon.<\/p>\n<p>Kiitos kaikille osallistujille ja erityisesti alustajalle!<\/p>\n<p><!--more--><\/p>\n<h3>Heikki Vuorila kertoo alustuksestaan:<\/h3>\n<p style=\"padding-left: 30px;\"><em>Tarkastelen alustuksessani muun muassa sit\u00e4, mik\u00e4 tekee keskustelusta filosofisen eik\u00e4 esimerkiksi psykologisen taikka sosiologisen?<\/em><\/p>\n<p style=\"padding-left: 30px;\"><em>Otsikon toisessa osassa tarkastelen sit\u00e4, miksi puhutaan sokraattisesta keskustelusta eik\u00e4 esimerkiksi platonisesta dialogista, vaikka Platon kirjoitti \u201dPlatonin teokset\u201d, joissa k\u00e4yd\u00e4\u00e4n filosofista dialogia muun muassa Sokrateen suulla.<\/em><\/p>\n<p style=\"padding-left: 30px;\"><em>N\u00e4iden kahden otsikossa mainitun n\u00e4k\u00f6kulman lis\u00e4ksi nostan omat henkil\u00f6kohtaiset kokemukseni filosofisesta praktiikasta, mukaan lukien sokraattinen dialogi ja filosofin vastaanotto, joita olen harjoittanut k\u00e4yt\u00e4nn\u00f6ss\u00e4 l\u00e4hes 20 vuotta.<\/em><\/p>\n<p>Tervetuloa kuuntelemaan, keskustelemaan ja sit\u00e4 kautta l\u00f6yt\u00e4m\u00e4\u00e4n uusia ajatuksia!<\/p>\n<p style=\"text-align: center;\">Oviraha 5 euroa, sis\u00e4lt\u00e4\u00e4 kahvin tai teen.<\/p>\n<h3>Lis\u00e4tietoja l\u00f6ytyy esimerkiksi seuraavasta linkeist\u00e4:<\/h3>\n<ul>\n<li style=\"padding-left: 30px;\">Heikki Vuorila on Turun FiloCafen perustaja. Tietoja h\u00e4nest\u00e4 l\u00f6ytyy h\u00e4nen nettisivuiltaan, sivut l\u00f6ytyv\u00e4t <a href=\"https:\/\/vuorila.wordpress.com\/\">t\u00e4st\u00e4.<\/a><\/li>\n<li style=\"padding-left: 30px;\">Kaikki FiloCafe &#8211; illat kev\u00e4kaudella 2018 l\u00f6ytyv\u00e4t <a href=\"https:\/\/koroinen.fi\/filocafe\/wp-content\/uploads\/2017\/12\/LuonnosKev\u00e4\u00e4ksi_2018_nro1.5.pdf\">t\u00e4st\u00e4.<\/a><\/li>\n<li style=\"padding-left: 30px;\">FiloCafe &#8211; ty\u00f6ryhm\u00e4n valmistelema J. E. Salomaa -symposiumin seminaariosio 24.3.2018 Liedon Kunnantalossa korvaa maaliskuun FiloCafe illan. L\u00f6yd\u00e4t tilaisuuden ohjelman <a href=\"https:\/\/koroinen.fi\/filocafe\/wp-content\/uploads\/2017\/12\/SalomaaSymposiumEsite_1_21.pdf\">t\u00e4st\u00e4.<\/a> Mukana on my\u00f6s suunnnitelma syksyll\u00e4 2018 pidett\u00e4v\u00e4st\u00e4 symposiumin runo-osiosta<\/li>\n<\/ul>\n","protected":false},"excerpt":{"rendered":"<p>FM Heikki Vuorila alusti keskusteluja FiloCafe -illassa tiistaina 9.1.2018 kello 17.00 &#8211; 18.30 Pieness\u00e4 Kirjapuodissa otsikolla Filosofinen keskustelu sokraattisena k\u00e4yt\u00e4nt\u00f6n\u00e4? Tilaisuuteen oli saapunut noin 15 kiinnostunutta kuulija, jotka osallistuivat vilkkaasti ja monipuolisesti ajatusten vaihtoon. Kiitos kaikille osallistujille ja erityisesti alustajalle!<\/p>\n","protected":false},"author":1,"featured_media":4,"comment_status":"closed","ping_status":"closed","sticky":false,"template":"","format":"standard","meta":{"footnotes":""},"categories":[2],"tags":[4,11,28,24],"class_list":["post-296","post","type-post","status-publish","format-standard","has-post-thumbnail","hentry","category-filocafe-ilta","tag-filocafe-ilta","tag-heikki-vuorila","tag-kevakausi-2018","tag-pieni-kirjapuoti"],"_links":{"self":[{"href":"https:\/\/koroinen.fi\/filocafe\/wp-json\/wp\/v2\/posts\/296","targetHints":{"allow":["GET"]}}],"collection":[{"href":"https:\/\/koroinen.fi\/filocafe\/wp-json\/wp\/v2\/posts"}],"about":[{"href":"https:\/\/koroinen.fi\/filocafe\/wp-json\/wp\/v2\/types\/post"}],"author":[{"embeddable":true,"href":"https:\/\/koroinen.fi\/filocafe\/wp-json\/wp\/v2\/users\/1"}],"replies":[{"embeddable":true,"href":"https:\/\/koroinen.fi\/filocafe\/wp-json\/wp\/v2\/comments?post=296"}],"version-history":[{"count":17,"href":"https:\/\/koroinen.fi\/filocafe\/wp-json\/wp\/v2\/posts\/296\/revisions"}],"predecessor-version":[{"id":1239,"href":"https:\/\/koroinen.fi\/filocafe\/wp-json\/wp\/v2\/posts\/296\/revisions\/1239"}],"wp:featuredmedia":[{"embeddable":true,"href":"https:\/\/koroinen.fi\/filocafe\/wp-json\/wp\/v2\/media\/4"}],"wp:attachment":[{"href":"https:\/\/koroinen.fi\/filocafe\/wp-json\/wp\/v2\/media?parent=296"}],"wp:term":[{"taxonomy":"category","embeddable":true,"href":"https:\/\/koroinen.fi\/filocafe\/wp-json\/wp\/v2\/categories?post=296"},{"taxonomy":"post_tag","embeddable":true,"href":"https:\/\/koroinen.fi\/filocafe\/wp-json\/wp\/v2\/tags?post=296"}],"curies":[{"name":"wp","href":"https:\/\/api.w.org\/{rel}","templated":true}]}}