{"id":3569,"date":"2026-03-13T12:09:38","date_gmt":"2026-03-13T10:09:38","guid":{"rendered":"https:\/\/koroinen.fi\/filocafe\/?p=3569"},"modified":"2026-03-26T20:43:36","modified_gmt":"2026-03-26T18:43:36","slug":"filocafe-ilta-ravintola-koulussa","status":"publish","type":"post","link":"https:\/\/koroinen.fi\/filocafe\/filocafe-ilta-ravintola-koulussa\/","title":{"rendered":"FILOCAFE-ILTA RAVINTOLA KOULUSSA"},"content":{"rendered":"<div class=\"wp-block-image\">\n<figure class=\"aligncenter size-large\"><img loading=\"lazy\" decoding=\"async\" width=\"799\" height=\"1024\" src=\"https:\/\/koroinen.fi\/filocafe\/wp-content\/uploads\/2026\/02\/CiceroRissanenFiloCafe-799x1024.png\" alt=\"\" class=\"wp-image-3529\" srcset=\"https:\/\/koroinen.fi\/filocafe\/wp-content\/uploads\/2026\/02\/CiceroRissanenFiloCafe-799x1024.png 799w, https:\/\/koroinen.fi\/filocafe\/wp-content\/uploads\/2026\/02\/CiceroRissanenFiloCafe-234x300.png 234w, https:\/\/koroinen.fi\/filocafe\/wp-content\/uploads\/2026\/02\/CiceroRissanenFiloCafe-768x984.png 768w, https:\/\/koroinen.fi\/filocafe\/wp-content\/uploads\/2026\/02\/CiceroRissanenFiloCafe-1199x1536.png 1199w, https:\/\/koroinen.fi\/filocafe\/wp-content\/uploads\/2026\/02\/CiceroRissanenFiloCafe.png 1424w\" sizes=\"auto, (max-width: 799px) 100vw, 799px\" \/><\/figure>\n<\/div>\n\n<div class=\"wp-block-image is-style-default\">\n<figure class=\"aligncenter size-medium\"><img loading=\"lazy\" decoding=\"async\" width=\"300\" height=\"240\" src=\"https:\/\/koroinen.fi\/filocafe\/wp-content\/uploads\/2026\/03\/IMG_5154-300x240.jpeg\" alt=\"\" class=\"wp-image-3614\" srcset=\"https:\/\/koroinen.fi\/filocafe\/wp-content\/uploads\/2026\/03\/IMG_5154-300x240.jpeg 300w, https:\/\/koroinen.fi\/filocafe\/wp-content\/uploads\/2026\/03\/IMG_5154-768x615.jpeg 768w, https:\/\/koroinen.fi\/filocafe\/wp-content\/uploads\/2026\/03\/IMG_5154.jpeg 800w\" sizes=\"auto, (max-width: 300px) 100vw, 300px\" \/><figcaption class=\"wp-element-caption\">Veli-Matti Rissanen FiloCfe-illassa 24.3.2026 Koulun Historianluokassa aiheena Cicero.<\/figcaption><\/figure>\n<\/div>\n\n\n<h3 class=\"wp-block-heading has-text-align-center has-luminous-vivid-amber-to-luminous-vivid-orange-gradient-background has-background\"><strong>Tilaisuus on pidetty. Iso kiitos kaikille mukana olleille hienosta illasta!<\/strong> <br>Seuraavaksi Matti Taneli pohtii 16.4.2026 globaalin etiikan mahdollisuutta, ks. <a href=\"https:\/\/koroinen.fi\/filocafe\">t\u00e4st\u00e4<\/a><\/h3>\n\n\n\n<!--more-->\n\n\n\n<h3 class=\"wp-block-heading\"><\/h3>\n\n\n\n<p>PS. Timo Leinonen esitt\u00e4\u00e4 tilaisuudessa Ciceron aikalaisen epikurolaista filosofiaperinnett\u00e4 jatkavan roomalaisen runoilijafilosofin Titus Lucretius Caruksen (noin 110 &#8211; 55 eea) teoksesta DE RERUM NATURA jonkun suomentamansa runon seuraavasta valikoimasta: <\/p>\n\n\n\n<ul class=\"wp-block-list\">\n<li><a rel=\"noreferrer noopener\" href=\"https:\/\/soundcloud.com\/timo-a-leinonen\/maailmankaikkeus-ja-elaman-synty-filosofian-ylistys?si=5f3f93eb435e4133a83e6702fe1472e0&amp;utm_source=clipboard&amp;utm_medium=text&amp;utm_campaign=social_sharing\" data-type=\"URL\" data-id=\"https:\/\/soundcloud.com\/timo-a-leinonen\/maailmankaikkeus-ja-elaman-synty-filosofian-ylistys?si=5f3f93eb435e4133a83e6702fe1472e0&amp;utm_source=clipboard&amp;utm_medium=text&amp;utm_campaign=social_sharing\" target=\"_blank\">Johdattelua, Filosofian ylistys<\/a>, 4:45 min.<\/li>\n\n\n\n<li>Osa I. <a rel=\"noreferrer noopener\" href=\"https:\/\/soundcloud.com\/timo-a-leinonen\/sivilisaation-alku-osa-i-tulen?si=9f4e01ebbf94450f8cdf8a33a0bb622d&amp;utm_source=clipboard&amp;utm_medium=text&amp;utm_campaign=social_sharing\" data-type=\"URL\" data-id=\"https:\/\/soundcloud.com\/timo-a-leinonen\/sivilisaation-alku-osa-i-tulen?si=9f4e01ebbf94450f8cdf8a33a0bb622d&amp;utm_source=clipboard&amp;utm_medium=text&amp;utm_campaign=social_sharing\" target=\"_blank\">Tulen k\u00e4ytt\u00f6\u00f6notto<\/a>, 1:25 min. <\/li>\n\n\n\n<li>Osa II, <a rel=\"noreferrer noopener\" href=\"https:\/\/soundcloud.com\/timo-a-leinonen\/tulen-laehteet?si=9f4bc74a83004a8b80c0fed3f4ad63da&amp;utm_source=clipboard&amp;utm_medium=text&amp;utm_campaign=social_sharing\" data-type=\"URL\" data-id=\"https:\/\/soundcloud.com\/timo-a-leinonen\/tulen-laehteet?si=9f4bc74a83004a8b80c0fed3f4ad63da&amp;utm_source=clipboard&amp;utm_medium=text&amp;utm_campaign=social_sharing\" target=\"_blank\">Tulen l\u00e4hteet<\/a>, 1:35 min.<\/li>\n\n\n\n<li>Osa III, <a href=\"https:\/\/soundcloud.com\/timo-a-leinonen\/yhteiskunnan-alku?si=f10e490244424210be0396cfe4414a3f&amp;utm_source=clipboard&amp;utm_medium=text&amp;utm_campaign=social_sharing\" data-type=\"URL\" data-id=\"https:\/\/soundcloud.com\/timo-a-leinonen\/yhteiskunnan-alku?si=f10e490244424210be0396cfe4414a3f&amp;utm_source=clipboard&amp;utm_medium=text&amp;utm_campaign=social_sharing\" target=\"_blank\" rel=\"noreferrer noopener\">Yhteiskunnan alku<\/a>, 2:54 min.<\/li>\n\n\n\n<li>Osa IV, <a href=\"https:\/\/soundcloud.com\/timo-a-leinonen\/lakien-synty?si=61fe18aee5a945dea186ba1c69fd4233&amp;utm_source=clipboard&amp;utm_medium=text&amp;utm_campaign=social_sharing\" data-type=\"URL\" data-id=\"https:\/\/soundcloud.com\/timo-a-leinonen\/lakien-synty?si=61fe18aee5a945dea186ba1c69fd4233&amp;utm_source=clipboard&amp;utm_medium=text&amp;utm_campaign=social_sharing\" target=\"_blank\" rel=\"noreferrer noopener\">Lakien synty<\/a>, 2:29 min.<\/li>\n\n\n\n<li>Osa V, <a rel=\"noreferrer noopener\" href=\"https:\/\/soundcloud.com\/timo-a-leinonen\/kielen-synty?si=5c17fb7338ee4ba88500f43b6dc76a5c&amp;utm_source=clipboard&amp;utm_medium=text&amp;utm_campaign=social_sharing\" data-type=\"URL\" data-id=\"https:\/\/soundcloud.com\/timo-a-leinonen\/kielen-synty?si=5c17fb7338ee4ba88500f43b6dc76a5c&amp;utm_source=clipboard&amp;utm_medium=text&amp;utm_campaign=social_sharing\" target=\"_blank\">Kielen synty,<\/a> 5:49 min.<\/li>\n<\/ul>\n","protected":false},"excerpt":{"rendered":"<p>Tilaisuus on pidetty. Iso kiitos kaikille mukana olleille hienosta illasta! Seuraavaksi Matti Taneli pohtii 16.4.2026 globaalin etiikan mahdollisuutta, ks. t\u00e4st\u00e4<\/p>\n","protected":false},"author":1,"featured_media":0,"comment_status":"closed","ping_status":"closed","sticky":false,"template":"","format":"standard","meta":{"footnotes":""},"categories":[71,1],"tags":[4,10],"class_list":["post-3569","post","type-post","status-publish","format-standard","hentry","category-filosofia","category-yleinen","tag-filocafe-ilta","tag-filosofia"],"_links":{"self":[{"href":"https:\/\/koroinen.fi\/filocafe\/wp-json\/wp\/v2\/posts\/3569","targetHints":{"allow":["GET"]}}],"collection":[{"href":"https:\/\/koroinen.fi\/filocafe\/wp-json\/wp\/v2\/posts"}],"about":[{"href":"https:\/\/koroinen.fi\/filocafe\/wp-json\/wp\/v2\/types\/post"}],"author":[{"embeddable":true,"href":"https:\/\/koroinen.fi\/filocafe\/wp-json\/wp\/v2\/users\/1"}],"replies":[{"embeddable":true,"href":"https:\/\/koroinen.fi\/filocafe\/wp-json\/wp\/v2\/comments?post=3569"}],"version-history":[{"count":16,"href":"https:\/\/koroinen.fi\/filocafe\/wp-json\/wp\/v2\/posts\/3569\/revisions"}],"predecessor-version":[{"id":3622,"href":"https:\/\/koroinen.fi\/filocafe\/wp-json\/wp\/v2\/posts\/3569\/revisions\/3622"}],"wp:attachment":[{"href":"https:\/\/koroinen.fi\/filocafe\/wp-json\/wp\/v2\/media?parent=3569"}],"wp:term":[{"taxonomy":"category","embeddable":true,"href":"https:\/\/koroinen.fi\/filocafe\/wp-json\/wp\/v2\/categories?post=3569"},{"taxonomy":"post_tag","embeddable":true,"href":"https:\/\/koroinen.fi\/filocafe\/wp-json\/wp\/v2\/tags?post=3569"}],"curies":[{"name":"wp","href":"https:\/\/api.w.org\/{rel}","templated":true}]}}