{"id":376,"date":"2018-04-03T11:03:08","date_gmt":"2018-04-03T08:03:08","guid":{"rendered":"http:\/\/koroinen.fi\/filocafe\/?p=376"},"modified":"2019-09-27T09:34:33","modified_gmt":"2019-09-27T06:34:33","slug":"j-e-salomaa-symposiumin-jalkia","status":"publish","type":"post","link":"https:\/\/koroinen.fi\/filocafe\/j-e-salomaa-symposiumin-jalkia\/","title":{"rendered":"J. E. SALOMAA -SYMPOSIUMIN J\u00c4LKI\u00c4"},"content":{"rendered":"<figure id=\"attachment_377\" aria-describedby=\"caption-attachment-377\" style=\"width: 347px\" class=\"wp-caption aligncenter\"><img loading=\"lazy\" decoding=\"async\" class=\"wp-image-377\" src=\"https:\/\/koroinen.fi\/filocafe\/wp-content\/uploads\/2018\/03\/IMG_1818-300x236.jpg\" alt=\"\" width=\"357\" height=\"281\" srcset=\"https:\/\/koroinen.fi\/filocafe\/wp-content\/uploads\/2018\/03\/IMG_1818-300x236.jpg 300w, https:\/\/koroinen.fi\/filocafe\/wp-content\/uploads\/2018\/03\/IMG_1818-768x603.jpg 768w, https:\/\/koroinen.fi\/filocafe\/wp-content\/uploads\/2018\/03\/IMG_1818-1024x804.jpg 1024w, https:\/\/koroinen.fi\/filocafe\/wp-content\/uploads\/2018\/03\/IMG_1818.jpg 1276w\" sizes=\"auto, (max-width: 357px) 100vw, 357px\" \/><figcaption id=\"caption-attachment-377\" class=\"wp-caption-text\">Elisa Lehti Liedon Oppaat ry:st\u00e4 avaamassa tilaisuuden vieress\u00e4 akateemikko Arto Salomaa.<\/figcaption><\/figure>\n<p>J.E. Salomaa -symposiumiin kuuluva seminaari 24.3.2018 Liedon Kunnantalossa oli \u00a0seitsem\u00e4s vuosittaisessa symposiumien sarjassa.<\/p>\n<p>Sarjan tarkoituksena on nostaa esille sellaisia menneen ajan kulttuurivaikuttajia, joilla on liittym\u00e4 Aurajoen laaksoon, sen ihmisiin ja luontoon.<\/p>\n<p><!--more-->\u00a0Kaikki n\u00e4m\u00e4 vaikuttajat ovat kaikki el\u00e4neet aikana, jolloin maailma oli tyystin erilainen. Maailma koostui silloin ik\u00e4\u00e4n kuin suuremmista lohkoista.<\/p>\n<p>Maailma oli t\u00e4ss\u00e4 mieless\u00e4 ik\u00e4\u00e4n kuin ymm\u00e4rrett\u00e4v\u00e4mpi ja yksinkertaisempi. Tiedon m\u00e4\u00e4r\u00e4n kasvun my\u00f6t\u00e4 maailmankuva tulee helposti itse kullekin pirstaleisemmaksi ja n\u00e4k\u00f6kulma supistuu.<\/p>\n<p>Kun palaamme menneeseen,\u00a0n\u00e4iden kulttuurivaikuttajien maailmaan, heid\u00e4n t\u00f6ihins\u00e4, el\u00e4m\u00e4\u00e4n ja ajatteluun, saamme\u00a0perspektiivi\u00e4 ymm\u00e4rt\u00e4\u00e4 paremmin nykyaikaa.<\/p>\n<p>Mit\u00e4 laajemmalle sektorilla kykenemme tulevaisuutta hahmottamaan, sit\u00e4 luottavaisempia voimme olla, koska sit\u00e4 v\u00e4hemm\u00e4n satunnaiset, ehk\u00e4 ik\u00e4v\u00e4tkin yksityiskohdat h\u00e4iritsev\u00e4t.<\/p>\n<h3>Symposiumien historia<\/h3>\n<p>T\u00e4h\u00e4nastinen symposiumien sarjassa ovat olleet mukana seuraavat kulttuurivaikuttajat:<\/p>\n<ol>\n<li>Sarjan aloitti vuonna 2012\u00a0<strong>Erik Ahlman\u00a0<\/strong>(1892 \u2013 1952), kulttuurifilosofi, l\u00e4ht\u00f6isin Mets\u00e4m\u00e4en kartanosta.<\/li>\n<li>vuonna 2013 oli vuorossa\u00a0<strong>Kaarlo Marjanen\u00a0<\/strong>(1899 \u2013 1984), ja ilmaisutaidon opetuksen merkkihenkil\u00f6 Suomessa sek\u00e4 erilaisten el\u00e4m\u00e4n perusasioiden mestarillinen kiteytt\u00e4j\u00e4 Kaarlo Marjanen Prusin talosta.<\/li>\n<li>Vuonna, eli 2014 kuvanveist\u00e4j\u00e4\u00a0<strong>W\u00e4in\u00f6 Aaltonen\u00a0<\/strong>(1894 \u2013 1966), joka ei ilmeisesti paljon esittely\u00e4 kaivanne, ja jota pidet\u00e4\u00e4n Suomen kansalliskuvanveist\u00e4j\u00e4n\u00e4. H\u00e4nen hautamuistomerkkins\u00e4 on Maarian kirkon hautausmaalla<\/li>\n<li>Vuonna 2015 <strong>Aarne Micha\u00e9l Tallgren\u00a0<\/strong>(1885 \u2013 1945), merkitt\u00e4v\u00e4 arkeologi ja kotiseutuajattelun. perustan luoja, Maarian pappilan poika.<\/li>\n<li>Vuonna 2016\u00a0<strong>Jaakko Haavio\u00a0<\/strong>(1904 \u2013 1984), runoilija, Maarian kirkkoherra.<\/li>\n<li>Reformaatiovuonna, eli viime vuonna 2017 nimikkohenkil\u00f6n\u00e4 <strong>Mikael Agricola <\/strong>(1510 \u2013 1557)<\/li>\n<li>kuluvana vuonna \u00a0<strong>J. E. Salomaa<\/strong>\u00a0(1891 \u2013 1960) Liedon Ankan kyl\u00e4st\u00e4, Ahlmanin aikalainen ja h\u00e4nen laillaan Suomen merkitt\u00e4vimpi\u00e4 kulttuuri- ja kasvatusfilosofeja.<\/li>\n<\/ol>\n<p>Tilaisuuksissa on aina ollut my\u00f6s kulttuurihenkil\u00f6n <strong>suvun edustaja<\/strong>. Uskomme, ett\u00e4 niin suvulla kuin paikkakunnalla on ollut iso vuorovaikutteinen merkitys n\u00e4ille kulttuurivaikuttajille.<\/p>\n<p>Vuodesta 2014 l\u00e4htien mukana on ollut erillinen <strong>taiteellinen osio<\/strong>. Viimeksi ne on toteutettu Turun Lausuntakerho ry:n lausuntaesityksill\u00e4. \u00a0Ajatuksena on se, ett\u00e4 taide ja tieto eiv\u00e4t ole toisiaan poissulkevia vaan toisiaan tarvitsevia ja t\u00e4ydent\u00e4vi\u00e4.<\/p>\n<p>Salomaa oli filosofi. Runous ja filosofia ovat yll\u00e4tt\u00e4v\u00e4n l\u00e4hell\u00e4 toisiaan: kumpikin yritt\u00e4\u00e4 l\u00e4hesty\u00e4 ihmisen el\u00e4m\u00e4\u00e4n kuuluvia sellaisia asioita, jotka ovat ik\u00e4\u00e4n kuin tavanomaisen kielen ulottumattomissa. Hanke <strong>Runon ja filosofian rajalla<\/strong> selvittelyss\u00e4 Salomaa symposiumin II osana syksyll\u00e4 2018<\/p>\n<h3>Alustajat ja teemat:<\/h3>\n<figure id=\"attachment_378\" aria-describedby=\"caption-attachment-378\" style=\"width: 290px\" class=\"wp-caption aligncenter\"><img loading=\"lazy\" decoding=\"async\" class=\"size-medium wp-image-378\" src=\"https:\/\/koroinen.fi\/filocafe\/wp-content\/uploads\/2018\/03\/IMG_1824-300x282.jpg\" alt=\"\" width=\"300\" height=\"282\" srcset=\"https:\/\/koroinen.fi\/filocafe\/wp-content\/uploads\/2018\/03\/IMG_1824-300x282.jpg 300w, https:\/\/koroinen.fi\/filocafe\/wp-content\/uploads\/2018\/03\/IMG_1824-768x723.jpg 768w, https:\/\/koroinen.fi\/filocafe\/wp-content\/uploads\/2018\/03\/IMG_1824-1024x964.jpg 1024w, https:\/\/koroinen.fi\/filocafe\/wp-content\/uploads\/2018\/03\/IMG_1824.jpg 1519w\" sizes=\"auto, (max-width: 300px) 100vw, 300px\" \/><figcaption id=\"caption-attachment-378\" class=\"wp-caption-text\">Akateemikko Arto Salomaa<\/figcaption><\/figure>\n<p>J. E. Salomaan poika, akateemikko <a href=\"https:\/\/koroinen.fi\/filocafe\/wp-content\/uploads\/2019\/09\/ArtoSalomaaTS27_9_2019.pdf\" target=\"_blank\" rel=\"noopener noreferrer\">Arto Salomaa<\/a><\/p>\n<figure id=\"attachment_379\" aria-describedby=\"caption-attachment-379\" style=\"width: 202px\" class=\"wp-caption aligncenter\"><img loading=\"lazy\" decoding=\"async\" class=\"size-medium wp-image-379\" src=\"https:\/\/koroinen.fi\/filocafe\/wp-content\/uploads\/2018\/03\/IMG_1827-212x300.jpg\" alt=\"\" width=\"212\" height=\"300\" srcset=\"https:\/\/koroinen.fi\/filocafe\/wp-content\/uploads\/2018\/03\/IMG_1827-212x300.jpg 212w, https:\/\/koroinen.fi\/filocafe\/wp-content\/uploads\/2018\/03\/IMG_1827-768x1086.jpg 768w, https:\/\/koroinen.fi\/filocafe\/wp-content\/uploads\/2018\/03\/IMG_1827-724x1024.jpg 724w, https:\/\/koroinen.fi\/filocafe\/wp-content\/uploads\/2018\/03\/IMG_1827.jpg 1922w\" sizes=\"auto, (max-width: 212px) 100vw, 212px\" \/><figcaption id=\"caption-attachment-379\" class=\"wp-caption-text\">Matti Taneli<\/figcaption><\/figure>\n<p>Kasvatustieteen tohtori, filosofian opettaja\u00a0<strong>Matti Taneli <\/strong>esitteli J. E. Salomaan kasvatukseen liittyv\u00e4st\u00e4 ajattelusta ja sen perusteista.<\/p>\n<figure id=\"attachment_380\" aria-describedby=\"caption-attachment-380\" style=\"width: 213px\" class=\"wp-caption aligncenter\"><img loading=\"lazy\" decoding=\"async\" class=\"size-medium wp-image-380\" src=\"https:\/\/koroinen.fi\/filocafe\/wp-content\/uploads\/2018\/03\/IMG_1833-223x300.jpg\" alt=\"\" width=\"223\" height=\"300\" srcset=\"https:\/\/koroinen.fi\/filocafe\/wp-content\/uploads\/2018\/03\/IMG_1833-223x300.jpg 223w, https:\/\/koroinen.fi\/filocafe\/wp-content\/uploads\/2018\/03\/IMG_1833-768x1033.jpg 768w, https:\/\/koroinen.fi\/filocafe\/wp-content\/uploads\/2018\/03\/IMG_1833-761x1024.jpg 761w, https:\/\/koroinen.fi\/filocafe\/wp-content\/uploads\/2018\/03\/IMG_1833.jpg 1864w\" sizes=\"auto, (max-width: 223px) 100vw, 223px\" \/><figcaption id=\"caption-attachment-380\" class=\"wp-caption-text\">Heikki Vuorila<\/figcaption><\/figure>\n<p>Filosofi<strong> Heikki Vuorila<\/strong>\u00a0kertoi Salomaan ajatuksista kansanvalistustuksesta ja kansalaisten kasvatusihanteista. Vuorilan alustus l\u00f6ytyy\u00a0<a href=\"https:\/\/vuorila.wordpress.com\/2018\/03\/25\/180322_kasvatusfilosofi-salomaa-kansansivistajana\/\" target=\"_blank\" rel=\"noopener noreferrer\">t\u00e4st\u00e4.<\/a><\/p>\n<figure id=\"attachment_381\" aria-describedby=\"caption-attachment-381\" style=\"width: 195px\" class=\"wp-caption aligncenter\"><img loading=\"lazy\" decoding=\"async\" class=\" wp-image-381\" src=\"https:\/\/koroinen.fi\/filocafe\/wp-content\/uploads\/2018\/03\/IMG_1836-189x300.jpg\" alt=\"\" width=\"205\" height=\"325\" srcset=\"https:\/\/koroinen.fi\/filocafe\/wp-content\/uploads\/2018\/03\/IMG_1836-189x300.jpg 189w, https:\/\/koroinen.fi\/filocafe\/wp-content\/uploads\/2018\/03\/IMG_1836-768x1217.jpg 768w, https:\/\/koroinen.fi\/filocafe\/wp-content\/uploads\/2018\/03\/IMG_1836-646x1024.jpg 646w, https:\/\/koroinen.fi\/filocafe\/wp-content\/uploads\/2018\/03\/IMG_1836.jpg 1517w\" sizes=\"auto, (max-width: 205px) 100vw, 205px\" \/><figcaption id=\"caption-attachment-381\" class=\"wp-caption-text\">Tuomas Tiainen<\/figcaption><\/figure>\n<p>Ymp\u00e4rist\u00f6filosofi<strong> \u00a0Tuomas Tiainen <\/strong>kertoi\u00a0\u00a0J. E. Salomaan historian ymm\u00e4rryksest\u00e4<\/p>\n<figure id=\"attachment_382\" aria-describedby=\"caption-attachment-382\" style=\"width: 168px\" class=\"wp-caption aligncenter\"><img loading=\"lazy\" decoding=\"async\" class=\"size-medium wp-image-382\" src=\"https:\/\/koroinen.fi\/filocafe\/wp-content\/uploads\/2018\/03\/IMG_1841-178x300.jpg\" alt=\"\" width=\"178\" height=\"300\" srcset=\"https:\/\/koroinen.fi\/filocafe\/wp-content\/uploads\/2018\/03\/IMG_1841-178x300.jpg 178w, https:\/\/koroinen.fi\/filocafe\/wp-content\/uploads\/2018\/03\/IMG_1841-607x1024.jpg 607w, https:\/\/koroinen.fi\/filocafe\/wp-content\/uploads\/2018\/03\/IMG_1841.jpg 738w\" sizes=\"auto, (max-width: 178px) 100vw, 178px\" \/><figcaption id=\"caption-attachment-382\" class=\"wp-caption-text\">Mikko Leinonen<\/figcaption><\/figure>\n<p>Tilaisuuden p\u00e4\u00e4tti filosofian tohtori<strong> Mikko Leinonen, <\/strong>joka vertasi Salomaan ja Erik Ahlmanin k\u00e4sityksi\u00e4 kulttuurista ja sen kehittymisest\u00e4 erityisesti silm\u00e4ll\u00e4 pit\u00e4en heid\u00e4n aikalaiseensa, Oswald Spengleriin,.<\/p>\n<h3>J\u00e4rjest\u00e4j\u00e4t:<\/h3>\n<p>Tilaisuudet on rakennettu yhteisty\u00f6ss\u00e4 niiden yhdistysten ja instituutioiden kanssa, jotka ovat olleet kiinnostuneista kulloisesta kulttuurivaikuttajasta.<\/p>\n<p>Yhteisty\u00f6kumppanit Salomaa &#8211; hankkeen osalta ovat:<\/p>\n<p><strong>Liedon Oppaat ry<\/strong><br \/>\nPaikallisj\u00e4rjest\u00e4j\u00e4<\/p>\n<p><strong>FiloCafe -ty\u00f6ryhm\u00e4<\/strong><br \/>\nTy\u00f6ryhm\u00e4 on vastannut tilaisuuden sis\u00e4ll\u00f6n rakentamisesta keskusteluissa useamman vuoden aikana. Ty\u00f6ryhm\u00e4\u00e4n kuuluvat: Heikki\u00a0Vuorila, Kaisa Pakkala, Matti Taneli ja Timo Leinonen.<\/p>\n<p><strong>Kotiseutuyhdistys Halinen-R\u00e4nt\u00e4m\u00e4ki ry<\/strong><br \/>\nSymposiumien toteutusmallin kehitt\u00e4j\u00e4<\/p>\n<p><strong>Turun\u00a0Lausuntakerho ry<\/strong><br \/>\nTaiteellisten osioiden \u00a0toteuttaja vuosina 2016 ja 2017<\/p>\n<h3 style=\"text-align: left;\">Selostukset tapahtumasta paikallislehdiss\u00e4:<\/h3>\n<p style=\"text-align: left;\">Turun Seutusanomat, ks.\u00a0<a href=\"http:\/\/turunseutusanomat.fi\/2018\/03\/lietolainen-j-e-salomaa-oli-edistyksellinen-kasvatusajattelija\/\" target=\"_blank\" rel=\"noopener noreferrer\">t\u00e4st\u00e4.<br \/>\nT<\/a>urun Tienoo, ks.\u00a0<a href=\"https:\/\/koroinen.fi\/filocafe\/wp-content\/uploads\/2018\/04\/SalomaaSeminaariTurunTienoo29.3.2018.pdf\" target=\"_blank\" rel=\"noopener noreferrer\">t\u00e4st\u00e4.<\/a><\/p>\n<p><strong>Kiitos kaikille osallisille ja mukana olleille!<\/strong><\/p>\n<p>Timo Leinonen<\/p>\n","protected":false},"excerpt":{"rendered":"<p>J.E. Salomaa -symposiumiin kuuluva seminaari 24.3.2018 Liedon Kunnantalossa oli \u00a0seitsem\u00e4s vuosittaisessa symposiumien sarjassa. Sarjan tarkoituksena on nostaa esille sellaisia menneen ajan kulttuurivaikuttajia, joilla on liittym\u00e4 Aurajoen laaksoon, sen ihmisiin ja luontoon.<\/p>\n","protected":false},"author":1,"featured_media":0,"comment_status":"closed","ping_status":"open","sticky":false,"template":"","format":"standard","meta":{"footnotes":""},"categories":[29],"tags":[10,9,11,31,32,23],"class_list":["post-376","post","type-post","status-publish","format-standard","hentry","category-symposium","tag-filosofia","tag-filosofian-historia","tag-heikki-vuorila","tag-j-e-salomaa","tag-lieto","tag-tuomas-tiainen"],"_links":{"self":[{"href":"https:\/\/koroinen.fi\/filocafe\/wp-json\/wp\/v2\/posts\/376","targetHints":{"allow":["GET"]}}],"collection":[{"href":"https:\/\/koroinen.fi\/filocafe\/wp-json\/wp\/v2\/posts"}],"about":[{"href":"https:\/\/koroinen.fi\/filocafe\/wp-json\/wp\/v2\/types\/post"}],"author":[{"embeddable":true,"href":"https:\/\/koroinen.fi\/filocafe\/wp-json\/wp\/v2\/users\/1"}],"replies":[{"embeddable":true,"href":"https:\/\/koroinen.fi\/filocafe\/wp-json\/wp\/v2\/comments?post=376"}],"version-history":[{"count":22,"href":"https:\/\/koroinen.fi\/filocafe\/wp-json\/wp\/v2\/posts\/376\/revisions"}],"predecessor-version":[{"id":787,"href":"https:\/\/koroinen.fi\/filocafe\/wp-json\/wp\/v2\/posts\/376\/revisions\/787"}],"wp:attachment":[{"href":"https:\/\/koroinen.fi\/filocafe\/wp-json\/wp\/v2\/media?parent=376"}],"wp:term":[{"taxonomy":"category","embeddable":true,"href":"https:\/\/koroinen.fi\/filocafe\/wp-json\/wp\/v2\/categories?post=376"},{"taxonomy":"post_tag","embeddable":true,"href":"https:\/\/koroinen.fi\/filocafe\/wp-json\/wp\/v2\/tags?post=376"}],"curies":[{"name":"wp","href":"https:\/\/api.w.org\/{rel}","templated":true}]}}