{"id":502,"date":"2018-10-11T19:01:06","date_gmt":"2018-10-11T16:01:06","guid":{"rendered":"http:\/\/koroinen.fi\/filocafe\/?p=502"},"modified":"2021-05-18T18:00:33","modified_gmt":"2021-05-18T15:00:33","slug":"jalkipaloja-sven-krohnin-filosofiasta-filocafe-ilta-13-11-2018","status":"publish","type":"post","link":"https:\/\/koroinen.fi\/filocafe\/jalkipaloja-sven-krohnin-filosofiasta-filocafe-ilta-13-11-2018\/","title":{"rendered":"J\u00c4LKIPALOJA SVEN KROHNIN FILOSOFIASTA. FiloCafe -ilta 13.11.2018"},"content":{"rendered":"<figure id=\"attachment_504\" aria-describedby=\"caption-attachment-504\" style=\"width: 205px\" class=\"wp-caption aligncenter\"><img loading=\"lazy\" decoding=\"async\" class=\"wp-image-504\" src=\"https:\/\/koroinen.fi\/filocafe\/wp-content\/uploads\/2018\/10\/Unknown.jpg\" alt=\"\" width=\"215\" height=\"339\"><figcaption id=\"caption-attachment-504\" class=\"wp-caption-text\">Kuva: Marita Airakorpi<\/figcaption><\/figure>\n<h3 style=\"text-align: center;\">Marraskuun FiloCafe -ilta <a href=\"http:\/\/www.pienikirjapuoti.fi\" target=\"_blank\" rel=\"noopener noreferrer\">Pieness\u00e4 Kirjapuodissa<\/a>&nbsp;kello 17.00 &#8211; 18.30.<\/h3>\n<p style=\"text-align: left;\">Keskustelut alustaa FM <strong>Marita Airakorpi<\/strong>, joka on toimittanut Turun yliopiston filosofian professori&nbsp;<strong>Sven Krohnin<\/strong> (1903 &#8211; 1999) esitelmist\u00e4 ja tutkielmista kirjan J\u00c4LKIPALOJA (Areopagus, Turku 2018). Aineisto on valtaosin aiemmin julkaisematonta.<\/p>\n<p style=\"text-align: center;\"><strong>Tervetuloa kuuntelemaan, keskustelemaan ja hakemaan uusia ajatuksia!<\/strong><br \/>\nOviraha 5 euroa, sis\u00e4lt\u00e4\u00e4 kahvin tai teen.<\/p>\n<p style=\"text-align: left;\">Tilaisuus on jo pidetty. Kiitos kaikille osallisille, erityiskiitos alustajalle Marita Airakorvelle vaikuttavasta ja ajatuksia her\u00e4tt\u00e4v\u00e4st\u00e4 esityksest\u00e4!<!--more--><\/p>\n<h4>FM Marita Airakorpi esittelee Sven Krohnin ajatusmaailmaa seuraavasti:<\/h4>\n<p>Sven Krohn oli filosofi, uskontotieteilij\u00e4 ja runoilija. Filosofina h\u00e4nt\u00e4 on luonnehdittu 1900-luvun j\u00e4lkipuoliskon merkitt\u00e4vimm\u00e4ksi fenomenologian ja filosofisen ihmistutkimuksen edustajaksi Suomessa (Mikko Salmela, Suomalaisen kulttuurifilosofian vuosisata, 365, v\u00e4it\u00f6skirja 1998).<\/p>\n<p>Fenomenologia on eidoksien etsinn\u00e4n ja kuvauksen metodi. Krohnin mukaan fenomenologia on universaali kaikkina aikoina niin Id\u00e4ss\u00e4 kuin L\u00e4nness\u00e4 harjoitettu filosofisen tutkimuksen menetelm\u00e4. Sen avulla pyrit\u00e4\u00e4n tietoisuudelle v\u00e4litt\u00f6m\u00e4sti annettujen ilmi\u00f6iden puhtaaseen teoreettiseen tarkasteluun.<\/p>\n<p>Fenomenologinen olemuksen n\u00e4keminen edellytt\u00e4\u00e4 niin tarkastelutilanteeseen, tarkastelijaan kuin tarkastelun kohteeseen liittyvien subjektiivisten ja satunnaisten tekij\u00f6iden sulkeistamisen.<\/p>\n<p>Nuoruudenmuistelmanaan Krohn kertoo, miten h\u00e4n halusi olla t\u00e4ysin ennakkoluuloton. \u201dEn halunnut, ett\u00e4 mik\u00e4\u00e4n minuun sy\u00f6tetty vaikuttaisi minuun.\u201d T\u00e4m\u00e4 sama asenne n\u00e4kyy Krohnin filosofiassa l\u00e4pi koko h\u00e4nen pitk\u00e4n el\u00e4m\u00e4ns\u00e4.<\/p>\n<p>Esitelm\u00e4ss\u00e4\u00e4n vuodelta 1997 Filosofia, suunnann\u00e4ytt\u00e4j\u00e4 Krohn toteaa, ett\u00e4 fenomenologian l\u00e4ht\u00f6kohta, el\u00e4mysmaailmamme, on usein harhainen, sill\u00e4 menneet kokemuksemme voivat v\u00e4\u00e4rist\u00e4\u00e4 nykyiset havaintomme. Siksi meid\u00e4n tulee yritt\u00e4\u00e4 vapautua kaikista perustelemattomista tai sokeaa totena pit\u00e4mist\u00e4 edellytt\u00e4vist\u00e4 opetuksista ja n\u00e4kemyksist\u00e4, jotka meihin usein on jo lapsuudessa istutettu.<\/p>\n<p style=\"padding-left: 30px;\"><em>Emme saa pit\u00e4\u00e4 totena mit\u00e4\u00e4n vain siksi, ett\u00e4 niin on opetettu, vaan kaikki v\u00e4itteemme pit\u00e4\u00e4 asettaa tietoisuuden tuomiovallan alaisiksi siten, ett\u00e4 kysymme jokaisen v\u00e4itteen viimeisi\u00e4 perusteita.<\/em><\/p>\n<p>Ihmistutkimus, filosofinen antropologia, kuuluu filosofian vanhimpiin ja keskeisimpiin alueisiin. Sen merkitt\u00e4vyys on ilmeinen; onhan ihmisen syv\u00e4llinen tunteminen v\u00e4ltt\u00e4m\u00e4t\u00f6nt\u00e4 arvioitaessa kaiken muun tutkimuksen p\u00e4tevyytt\u00e4 ja merkityst\u00e4.<\/p>\n<p>Krohn muistuttaakin siit\u00e4 tosiasiasta, ett\u00e4 ihminen itse on kaiken tutkimusty\u00f6n ensimm\u00e4inen ehto. Ihmisk\u00e4sityksell\u00e4mme on merkitt\u00e4v\u00e4 vaikutus kaikkeen tutkimusty\u00f6h\u00f6n.<\/p>\n<p>Krohnin mukaan ihmisen\u00e4olemisen perustilanteen eliminoimattomia perustosiasioita eli fundamentaalioita ovat mm<\/p>\n<p style=\"padding-left: 30px;\">(a) ihmisen keskener\u00e4isyys: muuttuvana ja kehittyv\u00e4n\u00e4 h\u00e4n ei koskaan ole nyt sit\u00e4, mit\u00e4 h\u00e4n ehk\u00e4 my\u00f6hemmin voisi olla. N\u00e4in ollen ihmist\u00e4 kokonaisuutena tutkittaessa on tutkittava paitsi sit\u00e4, millainen h\u00e4n on faktuaalisesti, my\u00f6s sit\u00e4, miksi h\u00e4n voisi tulla ja t\u00e4ll\u00f6in, mit\u00e4 h\u00e4n voi tehd\u00e4 itsest\u00e4\u00e4n;<\/p>\n<p style=\"padding-left: 30px;\">(b) vastuunalaisuus, jota ihminen tuntee toiminnastaan sek\u00e4<\/p>\n<p style=\"padding-left: 30px;\">(c) luottamus tulevaisuuden ja menneisyyden vastaavuuteen.<\/p>\n<p style=\"padding-left: 30px;\">N\u00e4m\u00e4 perustosiasiat n\u00e4ytt\u00e4v\u00e4t edellytt\u00e4v\u00e4n (d) itse ihmismin\u00e4n tietty\u00e4 pysyvyytt\u00e4 kaiken muutoksen keskell\u00e4.<\/p>\n<p>Krohn kysyy:<\/p>\n<p style=\"padding-left: 30px;\"><em>Kuka on tuo olento, joka kykenee tajuamaan universaalista ja siten kokemaan \u00e4\u00e4rett\u00f6myytt\u00e4 ja ajattomuutta sis\u00e4isess\u00e4 tietoisuudessaan, ymm\u00e4rt\u00e4m\u00e4\u00e4n keskell\u00e4 rajallista el\u00e4m\u00e4\u00e4ns\u00e4 jotakin, mik\u00e4 h\u00e4nen tietoisuudessaan selke\u00e4sti n\u00e4kyy \u00e4\u00e4rett\u00f6myyden k\u00e4sitteess\u00e4? <\/em><\/p>\n<p style=\"padding-left: 30px;\"><em>Kuka on t\u00e4m\u00e4 olento, jonka n\u00e4kym\u00e4\u00e4n kuuluu t\u00e4ydellisyyden ihanne tulevaisuuden hahmona, joka ei viel\u00e4 ole, mutta jonka pit\u00e4isi olla ja jonka h\u00e4n ajattelee kerran voivansa saavuttaa, kun h\u00e4nen ihmisyytens\u00e4 on puhjennut t\u00e4yteen kukintaan? <\/em><\/p>\n<p style=\"padding-left: 30px;\"><em>Asettamamme kysymys koskee ihmisen varsinaista itse\u00e4, sit\u00e4 h\u00e4nen todellista subjektiaan, jota olen nimitt\u00e4nyt ihmisen ydinolemukseksi<\/em>. (Sven Krohn, Etsin ihmist\u00e4, 16.)<\/p>\n<p>T\u00e4t\u00e4 ihmisyyden toteutumisen perimm\u00e4ist\u00e4 ehtoa Krohn kutsuu ydinihmiseksi. Krohnin teleologisen n\u00e4kemyksen mukaan ydinihmisen todellistumisessa on ihmisen korkein p\u00e4\u00e4m\u00e4\u00e4r\u00e4. Olemassaolomme telos on rakkaus.<\/p>\n<p style=\"padding-left: 30px;\"><em>Kun kuu on valona vetten p\u00e4\u00e4ll\u00e4, on rinnassa yhteinen kaipaus. Ja me kysymme, miksi me olemme t\u00e4\u00e4ll\u00e4, t\u00e4m\u00e4n hetken kuin punainen leimahdus. On vastaus silloin kuin ilmoitus, Rakkaus.&nbsp;<\/em>(Sven Krohn.)<\/p>\n<p>Marita Airakorpi<\/p>\n","protected":false},"excerpt":{"rendered":"<p>Marraskuun FiloCafe -ilta Pieness\u00e4 Kirjapuodissa&nbsp;kello 17.00 &#8211; 18.30. Keskustelut alustaa FM Marita Airakorpi, joka on toimittanut Turun yliopiston filosofian professori&nbsp;Sven Krohnin (1903 &#8211; 1999) esitelmist\u00e4 ja tutkielmista kirjan J\u00c4LKIPALOJA (Areopagus, Turku 2018). Aineisto on valtaosin aiemmin julkaisematonta. Tervetuloa kuuntelemaan, keskustelemaan ja hakemaan uusia ajatuksia! Oviraha 5 euroa, sis\u00e4lt\u00e4\u00e4 kahvin tai teen. Tilaisuus on jo pidetty. &#8230; <a title=\"J\u00c4LKIPALOJA SVEN KROHNIN FILOSOFIASTA. FiloCafe -ilta 13.11.2018\" class=\"read-more\" href=\"https:\/\/koroinen.fi\/filocafe\/jalkipaloja-sven-krohnin-filosofiasta-filocafe-ilta-13-11-2018\/\" aria-label=\"Lue lis\u00e4\u00e4 aiheesta J\u00c4LKIPALOJA SVEN KROHNIN FILOSOFIASTA. FiloCafe -ilta 13.11.2018\">Lue lis\u00e4\u00e4<\/a><\/p>\n","protected":false},"author":1,"featured_media":4,"comment_status":"closed","ping_status":"closed","sticky":false,"template":"","format":"standard","meta":{"footnotes":""},"categories":[2],"tags":[4,35,13,36],"class_list":["post-502","post","type-post","status-publish","format-standard","has-post-thumbnail","hentry","category-filocafe-ilta","tag-filocafe-ilta","tag-marita-airakorpi","tag-sven-krohn","tag-syyskausi-2018"],"_links":{"self":[{"href":"https:\/\/koroinen.fi\/filocafe\/wp-json\/wp\/v2\/posts\/502","targetHints":{"allow":["GET"]}}],"collection":[{"href":"https:\/\/koroinen.fi\/filocafe\/wp-json\/wp\/v2\/posts"}],"about":[{"href":"https:\/\/koroinen.fi\/filocafe\/wp-json\/wp\/v2\/types\/post"}],"author":[{"embeddable":true,"href":"https:\/\/koroinen.fi\/filocafe\/wp-json\/wp\/v2\/users\/1"}],"replies":[{"embeddable":true,"href":"https:\/\/koroinen.fi\/filocafe\/wp-json\/wp\/v2\/comments?post=502"}],"version-history":[{"count":13,"href":"https:\/\/koroinen.fi\/filocafe\/wp-json\/wp\/v2\/posts\/502\/revisions"}],"predecessor-version":[{"id":1233,"href":"https:\/\/koroinen.fi\/filocafe\/wp-json\/wp\/v2\/posts\/502\/revisions\/1233"}],"wp:featuredmedia":[{"embeddable":true,"href":"https:\/\/koroinen.fi\/filocafe\/wp-json\/wp\/v2\/media\/4"}],"wp:attachment":[{"href":"https:\/\/koroinen.fi\/filocafe\/wp-json\/wp\/v2\/media?parent=502"}],"wp:term":[{"taxonomy":"category","embeddable":true,"href":"https:\/\/koroinen.fi\/filocafe\/wp-json\/wp\/v2\/categories?post=502"},{"taxonomy":"post_tag","embeddable":true,"href":"https:\/\/koroinen.fi\/filocafe\/wp-json\/wp\/v2\/tags?post=502"}],"curies":[{"name":"wp","href":"https:\/\/api.w.org\/{rel}","templated":true}]}}