{"id":593,"date":"2019-02-27T17:11:35","date_gmt":"2019-02-27T15:11:35","guid":{"rendered":"http:\/\/koroinen.fi\/filocafe\/?p=593"},"modified":"2021-05-18T17:54:26","modified_gmt":"2021-05-18T14:54:26","slug":"ihmisen-paikka-luolassa-vai-vapaudessa","status":"publish","type":"post","link":"https:\/\/koroinen.fi\/filocafe\/ihmisen-paikka-luolassa-vai-vapaudessa\/","title":{"rendered":"IHMISEN PAIKKA &#8211; LUOLASSA VAI VAPAUDESSA?"},"content":{"rendered":"<figure id=\"attachment_594\" aria-describedby=\"caption-attachment-594\" style=\"width: 451px\" class=\"wp-caption aligncenter\"><img loading=\"lazy\" decoding=\"async\" class=\" wp-image-594\" src=\"https:\/\/koroinen.fi\/filocafe\/wp-content\/uploads\/2019\/02\/IhmisenPaikkaLuolassa-300x219.png\" alt=\"\" width=\"461\" height=\"337\" srcset=\"https:\/\/koroinen.fi\/filocafe\/wp-content\/uploads\/2019\/02\/IhmisenPaikkaLuolassa-300x219.png 300w, https:\/\/koroinen.fi\/filocafe\/wp-content\/uploads\/2019\/02\/IhmisenPaikkaLuolassa-768x560.png 768w, https:\/\/koroinen.fi\/filocafe\/wp-content\/uploads\/2019\/02\/IhmisenPaikkaLuolassa.png 1002w\" sizes=\"auto, (max-width: 461px) 100vw, 461px\" \/><figcaption id=\"caption-attachment-594\" class=\"wp-caption-text\"><a href=\"https:\/\/upload.wikimedia.org\/wikipedia\/commons\/b\/b1\/Platon_Cave_Sanraedam_1604.jpg\" target=\"_blank\" rel=\"noopener noreferrer\">Kuvan l\u00e4hde<\/a><\/figcaption><\/figure>\n<h2>Maaliskuun FiloCafe -ilta <a href=\"http:\/\/www.pienikirjapuoti.fi\">Pieness\u00e4 Kirjapuodissa <\/a>12.3.2019 kello 17.00 &#8211; 18.30<\/h2>\n<p>FM Marita Airakorpi johdattelee keskusteluja pohtien kysymyst\u00e4 ihmisen paikasta Platonin \u00a0<a href=\"https:\/\/fi.wikipedia.org\/wiki\/Luolavertaus\" target=\"_blank\" rel=\"noopener noreferrer\">luolavertaukseen<\/a> \u00a0tukeutuen. L\u00f6yt\u00e4\u00e4k\u00f6 ihminen paikkansa ennakkoluulojen pime\u00e4st\u00e4 luolasta vai ajattelun vapauden valoista?<\/p>\n<h3 style=\"text-align: center;\">Tervetuloa kuuntelemaan, keskustelemaan ja hakemaan uusia ajatuksia!<\/h3>\n<p style=\"text-align: center;\">Oviraha 5 euroa, sis\u00e4lt\u00e4\u00e4 kahvin tai teen.<\/p>\n<p style=\"text-align: left;\">Tilaisuus on pidetty. Kiitos kaikille osallisille intensiivisest\u00e4 keskustelusta ja \u00a0osallistumisesta!<\/p>\n<p style=\"text-align: center;\">Seuraava FiloCafe -ilta on 9.4.2019. Teemana on ty\u00f6ryhm\u00e4n Kirsi Lehto, Marita Airakorpi ja Timo Leinonen valmistelema\u00a0&#8221;<b><i>Runollinen filosofiailta<\/i><\/b>&#8221;<\/p>\n<p style=\"text-align: center;\"><!--more--><\/p>\n<figure id=\"attachment_635\" aria-describedby=\"caption-attachment-635\" style=\"width: 290px\" class=\"wp-caption aligncenter\"><img loading=\"lazy\" decoding=\"async\" class=\"size-medium wp-image-635\" src=\"https:\/\/koroinen.fi\/filocafe\/wp-content\/uploads\/2019\/02\/IMG_2447-300x260.jpeg\" alt=\"\" width=\"300\" height=\"260\" srcset=\"https:\/\/koroinen.fi\/filocafe\/wp-content\/uploads\/2019\/02\/IMG_2447-300x260.jpeg 300w, https:\/\/koroinen.fi\/filocafe\/wp-content\/uploads\/2019\/02\/IMG_2447-768x665.jpeg 768w, https:\/\/koroinen.fi\/filocafe\/wp-content\/uploads\/2019\/02\/IMG_2447-1024x887.jpeg 1024w\" sizes=\"auto, (max-width: 300px) 100vw, 300px\" \/><figcaption id=\"caption-attachment-635\" class=\"wp-caption-text\">Marita Airakorpi aloittamassa alustustaan<\/figcaption><\/figure>\n<p>Platon esitti luolavertauksessaan ajatuksen siit\u00e4, ett\u00e4 ihminen toimii ja havainnoi kuin olisi luolaan kahlittu niin, ett\u00e4 h\u00e4n n\u00e4kee ja kuulee todellisuuden ik\u00e4\u00e4n kuin varjokuvina. H\u00e4nell\u00e4 on kyll\u00e4 kyky ajattelun kautta saavuttaa my\u00f6s todellisuuden maailma, joka on t\u00e4ydellisen vapauden maailma.<\/p>\n<p>Siirtyminen varjokuvien maailmasta t\u00e4ydellisen vapauden maailmaan on ty\u00f6l\u00e4s ja totuttautumista vaativa. Platon rinnastaa sen kokemukseen siirtymisest\u00e4 luolan pimeydest\u00e4 kirkkaaseen auringon valoon. Toisaalta yht\u00e4 lailla kivulias on sekin prosessi, kun ihminen palaa vapaasta auringon valon maailmasta kahlevangiksi takaisin luolan pimeyteen.<\/p>\n<p>FM Marita Airakorpi pohti kaksikymment\u00e4 vuotta sitten Tiedepolitiikka lehdess\u00e4 (2\/1998) Platonin luolavertaustauksesta juontuvaa kysymyst\u00e4 siit\u00e4, miss\u00e4 nyt on ihmisen paikka. Onko se pime\u00e4ss\u00e4 luolassa kahlittuna vai valossa ja vapaudessa?<\/p>\n<p>Maailmassa on nykyisinkin paljon pahuutta, sotia, raiskauksia, alistamista. Mik\u00e4 oikeuttaa pahuuden, Airakorpi kysyy. Vapauteen liittyy kyky unelmoida. Miksi emme voisi unelmoida paremmasta maailmasta, vai olemmeko menett\u00e4neet toivomme paremmasta maailmasta?<\/p>\n<p>Airakorpi v\u00e4itt\u00e4\u00e4, ett\u00e4 t\u00e4m\u00e4n tyyppisten kysymysten pohtiminen johtaa nopeasti johtop\u00e4\u00e4t\u00f6kseen, ett\u00e4 ihmisen paikka on sittenkin edelleen Platonin luola. Ajatteluamme hallitsee edelleen erilaiset ennakkoasenteet, harhaluulot, henkinen laiskuus, alttius erilaiselle manipuloinnille, ep\u00e4rehellisyys itselle ja toisten vaikutus omaan ajatteluun.<\/p>\n<p>Airakorpi ei kuitenkaan ole toivoton. H\u00e4n uskoo muutoksen mahdollisuuteen. Muutos alkaa jokaisesta itsest\u00e4\u00e4n. On t\u00e4rke\u00e4\u00e4 l\u00f6yt\u00e4\u00e4 vastasukupuolisuus itsest\u00e4\u00e4n, eli viett\u00e4\u00e4 j\u00e4rjen ja tunteen h\u00e4it\u00e4. T\u00e4m\u00e4 auttaa kasvamaan henkisesti. Kasvu taas edellytt\u00e4\u00e4 ensisijaisesti vastuun kantamista.<\/p>\n<p>FiloCafe -illan tavoitteena on Maritan alustuksen pohjalta keskustella ihmisen paikasta nyt. El\u00e4mmek\u00f6 edelleen luolassa vailla valoa ja aurinkoa ennakkoluulojemme kahleissa? Onko esimerkiksi nykyinen aivotutkimus muuttamassa k\u00e4sityst\u00e4 ihmisest\u00e4 ja ihmisen kyvyst\u00e4 ylip\u00e4\u00e4ns\u00e4 vapaisiin valintoihin?<\/p>\n<p>Professori Juha R\u00e4ikk\u00e4 toteaa \u00e4skeisess\u00e4 artikkelissa Turun Sanomissa aivotutkimuksiin viitaten , ett\u00e4 ei ole lainkaan selv\u00e4\u00e4, ett\u00e4 miten uusi tutkimustieto aivojen toiminnasta vaikuttaa ihmisen moraalisiin valintoihin. On mahdollista, ett\u00e4 sit\u00e4 kautta ihmisen vapauden ja moraalisen vastuun ala kasvaa.<\/p>\n<p>L\u00c4HTEET<\/p>\n<p>Airakorpi, Marita. Ihmisen paikka. Tiedepolitiikka 2\/1998<br \/>\nPlaton. Valtio. Seitsem\u00e4s kirja. Suom. O. E. Tudeer. 1972, s. 309 &#8211; 354.<br \/>\nR\u00e4ikk\u00e4, Juha. En se min\u00e4 ollut &#8211; aivoistani se johtui. Turun Sanomat 23.2.2019.<\/p>\n<p>INTERNET -L\u00c4HTEET<\/p>\n<p>Luolavertaus.\u00a0<a href=\"https:\/\/fi.wikipedia.org\/wiki\/Luolavertaus\" target=\"_blank\" rel=\"noopener noreferrer\">https:\/\/fi.wikipedia.org\/wiki\/Luolavertaus<\/a>. Viitattu 28.2.2019<br \/>\nKuva.<a href=\"https:\/\/fi.wikipedia.org\/wiki\/Luolavertaus#\/media\/File:Platon_Cave_Sanraedam_1604.jpg\" target=\"_blank\" rel=\"noopener noreferrer\">https:\/\/fi.wikipedia.org\/wiki\/Luolavertaus#\/media\/File:Platon_Cave_Sanraedam_1604.jpg<\/a>.\u00a0Viitattu 28.2.2019<\/p>\n","protected":false},"excerpt":{"rendered":"<p>Maaliskuun FiloCafe -ilta Pieness\u00e4 Kirjapuodissa 12.3.2019 kello 17.00 &#8211; 18.30 FM Marita Airakorpi johdattelee keskusteluja pohtien kysymyst\u00e4 ihmisen paikasta Platonin \u00a0luolavertaukseen \u00a0tukeutuen. L\u00f6yt\u00e4\u00e4k\u00f6 ihminen paikkansa ennakkoluulojen pime\u00e4st\u00e4 luolasta vai ajattelun vapauden valoista? Tervetuloa kuuntelemaan, keskustelemaan ja hakemaan uusia ajatuksia! Oviraha 5 euroa, sis\u00e4lt\u00e4\u00e4 kahvin tai teen. Tilaisuus on pidetty. Kiitos kaikille osallisille intensiivisest\u00e4 keskustelusta ja &#8230; <a title=\"IHMISEN PAIKKA &#8211; LUOLASSA VAI VAPAUDESSA?\" class=\"read-more\" href=\"https:\/\/koroinen.fi\/filocafe\/ihmisen-paikka-luolassa-vai-vapaudessa\/\" aria-label=\"Lue lis\u00e4\u00e4 aiheesta IHMISEN PAIKKA &#8211; LUOLASSA VAI VAPAUDESSA?\">Lue lis\u00e4\u00e4<\/a><\/p>\n","protected":false},"author":1,"featured_media":1012,"comment_status":"closed","ping_status":"closed","sticky":false,"template":"","format":"standard","meta":{"footnotes":""},"categories":[2],"tags":[4,40,35,24,3],"class_list":["post-593","post","type-post","status-publish","format-standard","has-post-thumbnail","hentry","category-filocafe-ilta","tag-filocafe-ilta","tag-kevatkausi-2019","tag-marita-airakorpi","tag-pieni-kirjapuoti","tag-platon"],"_links":{"self":[{"href":"https:\/\/koroinen.fi\/filocafe\/wp-json\/wp\/v2\/posts\/593","targetHints":{"allow":["GET"]}}],"collection":[{"href":"https:\/\/koroinen.fi\/filocafe\/wp-json\/wp\/v2\/posts"}],"about":[{"href":"https:\/\/koroinen.fi\/filocafe\/wp-json\/wp\/v2\/types\/post"}],"author":[{"embeddable":true,"href":"https:\/\/koroinen.fi\/filocafe\/wp-json\/wp\/v2\/users\/1"}],"replies":[{"embeddable":true,"href":"https:\/\/koroinen.fi\/filocafe\/wp-json\/wp\/v2\/comments?post=593"}],"version-history":[{"count":14,"href":"https:\/\/koroinen.fi\/filocafe\/wp-json\/wp\/v2\/posts\/593\/revisions"}],"predecessor-version":[{"id":1231,"href":"https:\/\/koroinen.fi\/filocafe\/wp-json\/wp\/v2\/posts\/593\/revisions\/1231"}],"wp:featuredmedia":[{"embeddable":true,"href":"https:\/\/koroinen.fi\/filocafe\/wp-json\/wp\/v2\/media\/1012"}],"wp:attachment":[{"href":"https:\/\/koroinen.fi\/filocafe\/wp-json\/wp\/v2\/media?parent=593"}],"wp:term":[{"taxonomy":"category","embeddable":true,"href":"https:\/\/koroinen.fi\/filocafe\/wp-json\/wp\/v2\/categories?post=593"},{"taxonomy":"post_tag","embeddable":true,"href":"https:\/\/koroinen.fi\/filocafe\/wp-json\/wp\/v2\/tags?post=593"}],"curies":[{"name":"wp","href":"https:\/\/api.w.org\/{rel}","templated":true}]}}