{"id":985,"date":"2020-08-07T20:13:54","date_gmt":"2020-08-07T17:13:54","guid":{"rendered":"http:\/\/koroinen.fi\/filocafe\/?p=985"},"modified":"2021-05-18T17:34:25","modified_gmt":"2021-05-18T14:34:25","slug":"syksyn-2020-filocafe-illat","status":"publish","type":"post","link":"https:\/\/koroinen.fi\/filocafe\/syksyn-2020-filocafe-illat\/","title":{"rendered":"Syksyn 2020 FiloCafe -illat"},"content":{"rendered":"\n<div class=\"wp-block-image\"><figure class=\"aligncenter size-large\"><img loading=\"lazy\" decoding=\"async\" width=\"723\" height=\"1024\" src=\"https:\/\/koroinen.fi\/filocafe\/wp-content\/uploads\/2020\/08\/OhjelmaSyksy2020-723x1024.jpg\" alt=\"\" class=\"wp-image-989\" srcset=\"https:\/\/koroinen.fi\/filocafe\/wp-content\/uploads\/2020\/08\/OhjelmaSyksy2020-723x1024.jpg 723w, https:\/\/koroinen.fi\/filocafe\/wp-content\/uploads\/2020\/08\/OhjelmaSyksy2020-212x300.jpg 212w, https:\/\/koroinen.fi\/filocafe\/wp-content\/uploads\/2020\/08\/OhjelmaSyksy2020-768x1087.jpg 768w, https:\/\/koroinen.fi\/filocafe\/wp-content\/uploads\/2020\/08\/OhjelmaSyksy2020-1085x1536.jpg 1085w, https:\/\/koroinen.fi\/filocafe\/wp-content\/uploads\/2020\/08\/OhjelmaSyksy2020.jpg 1239w\" sizes=\"auto, (max-width: 723px) 100vw, 723px\" \/><\/figure><\/div>\n\n\n\n<h3 class=\"wp-block-heading\">Huom! <\/h3>\n\n\n\n<h4 class=\"wp-block-heading\">FiloCafe -ilta 8.12.2020 alkaa 18.00 ja p\u00e4\u00e4ttyy 19.30!<\/h4>\n\n\n\n<!--more-->\n\n\n\n<h3 class=\"wp-block-heading\">Lis\u00e4tietoja:<\/h3>\n\n\n\n<ul class=\"wp-block-list\"><li>Syyskuun FiloCafe -ilta siirtyi kev\u00e4\u00e4lt\u00e4, ks. <a rel=\"noreferrer noopener\" href=\"https:\/\/koroinen.fi\/filocafe\/ciceron-filosofian-jalkivaikutus\/#more-861\" target=\"_blank\">t\u00e4st\u00e4 <\/a><\/li><li>Lokakuun FiloCafe -ilta on my\u00f6s siirtynyt kev\u00e4tkaudelta, ks.<a rel=\"noreferrer noopener\" href=\"https:\/\/koroinen.fi\/filocafe\/rasismi-ja-filosofia\/#more-899\" target=\"_blank\"> t\u00e4st\u00e4.<\/a><\/li><li>Marraskuun FiloCafe -ilta on my\u00f6s sama, mik\u00e4 peruuntui kev\u00e4\u00e4ll\u00e4 koronan takia.<\/li><li>Joulukuun FiloCafe -illan teemana olevan Endymionin runoelman suomennoksen ensimm\u00e4inen versio l\u00f6ytyy <a rel=\"noreferrer noopener\" href=\"https:\/\/www.tapatalk.com\/groups\/sovittelutkf\/endymion-john-keatsin-1795-1821-tapaan-ensimm-inen-t15973234.html\" target=\"_blank\">t\u00e4st\u00e4<\/a>.<\/li><\/ul>\n\n\n\n<p><\/p>\n","protected":false},"excerpt":{"rendered":"<p>Huom! FiloCafe -ilta 8.12.2020 alkaa 18.00 ja p\u00e4\u00e4ttyy 19.30!<\/p>\n","protected":false},"author":1,"featured_media":4,"comment_status":"closed","ping_status":"closed","sticky":false,"template":"","format":"standard","meta":{"footnotes":""},"categories":[2,52],"tags":[53,4,10,54],"class_list":["post-985","post","type-post","status-publish","format-standard","has-post-thumbnail","hentry","category-filocafe-ilta","category-runous","tag-endymion","tag-filocafe-ilta","tag-filosofia","tag-sammakon-kirjakauppa"],"_links":{"self":[{"href":"https:\/\/koroinen.fi\/filocafe\/wp-json\/wp\/v2\/posts\/985","targetHints":{"allow":["GET"]}}],"collection":[{"href":"https:\/\/koroinen.fi\/filocafe\/wp-json\/wp\/v2\/posts"}],"about":[{"href":"https:\/\/koroinen.fi\/filocafe\/wp-json\/wp\/v2\/types\/post"}],"author":[{"embeddable":true,"href":"https:\/\/koroinen.fi\/filocafe\/wp-json\/wp\/v2\/users\/1"}],"replies":[{"embeddable":true,"href":"https:\/\/koroinen.fi\/filocafe\/wp-json\/wp\/v2\/comments?post=985"}],"version-history":[{"count":13,"href":"https:\/\/koroinen.fi\/filocafe\/wp-json\/wp\/v2\/posts\/985\/revisions"}],"predecessor-version":[{"id":2575,"href":"https:\/\/koroinen.fi\/filocafe\/wp-json\/wp\/v2\/posts\/985\/revisions\/2575"}],"wp:featuredmedia":[{"embeddable":true,"href":"https:\/\/koroinen.fi\/filocafe\/wp-json\/wp\/v2\/media\/4"}],"wp:attachment":[{"href":"https:\/\/koroinen.fi\/filocafe\/wp-json\/wp\/v2\/media?parent=985"}],"wp:term":[{"taxonomy":"category","embeddable":true,"href":"https:\/\/koroinen.fi\/filocafe\/wp-json\/wp\/v2\/categories?post=985"},{"taxonomy":"post_tag","embeddable":true,"href":"https:\/\/koroinen.fi\/filocafe\/wp-json\/wp\/v2\/tags?post=985"}],"curies":[{"name":"wp","href":"https:\/\/api.w.org\/{rel}","templated":true}]}}